{"id":100606,"date":"2017-02-14T09:09:24","date_gmt":"2017-02-14T12:09:24","guid":{"rendered":"http:\/\/senoticias.com.br\/se\/?p=100606"},"modified":"2017-02-14T18:01:23","modified_gmt":"2017-02-14T21:01:23","slug":"prefeito-de-neopolis-confirma-realizacao-do-carnaval-de-rua","status":"publish","type":"post","link":"https:\/\/senoticias.com.br\/se\/prefeito-de-neopolis-confirma-realizacao-do-carnaval-de-rua\/","title":{"rendered":"Prefeito de Ne\u00f3polis confirma realiza\u00e7\u00e3o do Carnaval de rua"},"content":{"rendered":"<p style=\"text-align: justify;\">Considerado o evento de rua mais tradicional de Sergipe, o Carnaval de Ne\u00f3polis est\u00e1 garantido este ano. A confirma\u00e7\u00e3o \u00e9 do prefeito Luiz Melo de Fran\u00e7a (Dr. Luizinho). De acordo com ele, a festa ser\u00e1 custeada com o patroc\u00ednio de empresas, fazendo com que a Prefeitura n\u00e3o tenha gastos.<\/p>\n<div id=\"attachment_100607\" style=\"width: 609px\" class=\"wp-caption aligncenter\"><img loading=\"lazy\" decoding=\"async\" aria-describedby=\"caption-attachment-100607\" class=\"size-full wp-image-100607\" src=\"http:\/\/senoticias.com.br\/se\/wp-content\/uploads\/2017\/02\/Carnaval-de-Neopolis-SE-Noticias-e1487074001668.jpg\" alt=\"Carnaval vai acontecer no per\u00edodo de 24 a 28 de fevereiro.\" width=\"599\" height=\"400\" \/><p id=\"caption-attachment-100607\" class=\"wp-caption-text\">Carnaval vai acontecer no per\u00edodo de 24 a 28 de fevereiro. (Foto: arquivo\/TDantas)<\/p><\/div>\n<p style=\"text-align: justify;\">\u201cFizemos todo o esfor\u00e7o para garantir a realiza\u00e7\u00e3o do tradicional Carnaval de Ne\u00f3polis, dentro das condi\u00e7\u00f5es financeiras atuais da Prefeitura. Faremos a festa sem sacrificar as receitas municipais, garantindo que Ne\u00f3polis atraia milhares de foli\u00f5es nos dias de festa\u201d, justificou Dr. Luizinho.<\/p>\n<p style=\"text-align: justify;\">Com o tema \u201c\u00c9 frevo, folia e alegria!\u201d, o Carnaval de Ne\u00f3polis \u00e9 marcado com a apresenta\u00e7\u00e3o das bandas de frevo pelas ruas da cidade, com tradicional \u201cZ\u00e9 Pereira\u201d, al\u00e9m do &#8216;mela-mela&#8217;, no qual os foli\u00f5es se divertem jogando farinha de trigo e \u00e1gua misturada com suco em p\u00f3.<\/p>\n<p><strong>ECONOMIA<\/strong><\/p>\n<p style=\"text-align: justify;\">Segundo o secret\u00e1rio municipal de Cultura, Kledisson Honorato, outro fator importante do Carnaval \u00e9 o aquecimento da economia. \u201cA festa movimenta lojas de vestu\u00e1rio, restaurantes, pousadas, postos de combust\u00edveis e o aluguel de casas dos moradores, que aproveitam o per\u00edodo para ter uma renda extra\u201d, relata.<\/p>\n<p style=\"text-align: justify;\">Esse ano, a festa vai acontecer no per\u00edodo de 24 a 28 de fevereiro. \u201cEstamos cuidando dos detalhes e, em breve, divulgaremos a programa\u00e7\u00e3o completa. Al\u00e9m das bandas de marchinha, estamos providenciando toda a estrutura do Carnaval, garantindo conforto e seguran\u00e7a para visitantes e moradores\u201d, afirma Kledisson.<\/p>\n<p style=\"text-align: justify;\"><img loading=\"lazy\" decoding=\"async\" class=\"aligncenter size-full wp-image-100543\" src=\"http:\/\/senoticias.com.br\/se\/wp-content\/uploads\/2017\/02\/Logo-fone-1-2-1-2-3.jpg\" alt=\"SENOTICIAS\" width=\"599\" height=\"78\" srcset=\"https:\/\/senoticias.com.br\/se\/wp-content\/uploads\/2017\/02\/Logo-fone-1-2-1-2-3.jpg 599w, https:\/\/senoticias.com.br\/se\/wp-content\/uploads\/2017\/02\/Logo-fone-1-2-1-2-3-300x39.jpg 300w\" sizes=\"(max-width: 599px) 100vw, 599px\" \/><\/p>\n<p style=\"text-align: justify;\">\u00a0<strong>Acompanhe tamb\u00e9m o SE Not\u00edcias no<\/strong><strong>\u00a0<\/strong><a href=\"https:\/\/twitter.com\/Senoticias\"><strong>Twitter<\/strong><\/a><strong>,<\/strong><strong>\u00a0<\/strong><a href=\"https:\/\/www.facebook.com\/senoticias1\"><strong>Facebook<\/strong><strong>\u00a0<\/strong><\/a><strong>e no<\/strong><strong>\u00a0<\/strong><a href=\"https:\/\/www.instagram.com\/senoticias\/\"><strong>Instagram<\/strong><\/a><\/p>\n<p style=\"text-align: justify;\"><em>Da TDantas Comunica\u00e7\u00e3o e Marketing<\/em><\/p>\n","protected":false},"excerpt":{"rendered":"<p>Considerado o evento de rua mais tradicional de Sergipe, o Carnaval de Ne\u00f3polis est\u00e1 garantido este ano. A confirma\u00e7\u00e3o \u00e9 do prefeito Luiz Melo de Fran\u00e7a (Dr. Luizinho). De acordo com ele, a festa ser\u00e1 custeada com o patroc\u00ednio de empresas, fazendo com que a Prefeitura n\u00e3o tenha gastos. \u201cFizemos todo o esfor\u00e7o para garantir [&hellip;]<\/p>\n","protected":false},"author":2,"featured_media":100607,"comment_status":"closed","ping_status":"closed","sticky":false,"template":"","format":"standard","meta":{"footnotes":""},"categories":[2307,38],"tags":[2301,2300,2303,2302],"class_list":{"0":"post-100606","1":"post","2":"type-post","3":"status-publish","4":"format-standard","5":"has-post-thumbnail","7":"category-carnaval-2017","8":"category-municipios","9":"tag-carnaval-2017","10":"tag-carnaval-de-neopolis","11":"tag-prefeito-de-neopolis-confirma-carnaval","12":"tag-prefeitura-de-neopolis"},"_links":{"self":[{"href":"https:\/\/senoticias.com.br\/se\/wp-json\/wp\/v2\/posts\/100606"}],"collection":[{"href":"https:\/\/senoticias.com.br\/se\/wp-json\/wp\/v2\/posts"}],"about":[{"href":"https:\/\/senoticias.com.br\/se\/wp-json\/wp\/v2\/types\/post"}],"author":[{"embeddable":true,"href":"https:\/\/senoticias.com.br\/se\/wp-json\/wp\/v2\/users\/2"}],"replies":[{"embeddable":true,"href":"https:\/\/senoticias.com.br\/se\/wp-json\/wp\/v2\/comments?post=100606"}],"version-history":[{"count":0,"href":"https:\/\/senoticias.com.br\/se\/wp-json\/wp\/v2\/posts\/100606\/revisions"}],"wp:featuredmedia":[{"embeddable":true,"href":"https:\/\/senoticias.com.br\/se\/wp-json\/wp\/v2\/media\/100607"}],"wp:attachment":[{"href":"https:\/\/senoticias.com.br\/se\/wp-json\/wp\/v2\/media?parent=100606"}],"wp:term":[{"taxonomy":"category","embeddable":true,"href":"https:\/\/senoticias.com.br\/se\/wp-json\/wp\/v2\/categories?post=100606"},{"taxonomy":"post_tag","embeddable":true,"href":"https:\/\/senoticias.com.br\/se\/wp-json\/wp\/v2\/tags?post=100606"}],"curies":[{"name":"wp","href":"https:\/\/api.w.org\/{rel}","templated":true}]}}