{"id":100598,"date":"2017-02-13T18:26:14","date_gmt":"2017-02-13T21:26:14","guid":{"rendered":"http:\/\/senoticias.com.br\/se\/?p=100598"},"modified":"2017-02-13T18:26:14","modified_gmt":"2017-02-13T21:26:14","slug":"pesquisa-sobre-2018-e-coisa-de-quem-nao-ter-o-que-fazer-diz-luciano-bispo","status":"publish","type":"post","link":"https:\/\/senoticias.com.br\/se\/pesquisa-sobre-2018-e-coisa-de-quem-nao-ter-o-que-fazer-diz-luciano-bispo\/","title":{"rendered":"Pesquisa sobre 2018 \u00e9 coisa de quem n\u00e3o ter o que fazer, diz Luciano Bispo"},"content":{"rendered":"<p style=\"text-align: justify;\">O presidente da Assembleia Legislativa de Sergipe, Luciano Bispo, foi entrevistado nesta segunda-feira (13), pelo radialista George Magalh\u00e3es, na FAN FM, e durante a conversa com o apresentador e os ouvintes falou sobre v\u00e1rios temas, como a pol\u00edtica e as quest\u00f5es administrativas do estado de Sergipe. \u201cQuero iniciar aproveitando o espa\u00e7o para parabenizar os alunos e todos os servidores do col\u00e9gio estadual Nestor Carvalho, em Itabaiana, pelo excelente resultado nas aprova\u00e7\u00f5es da UFS, sendo inclusive um desses alunos, de 16 anos, o primeiro colocado no curso de medicina. Isso nos deixa muito felizes, enquanto itabaianenses e sergipanos\u201d, comemorou Luciano Bispo.<\/p>\n<div id=\"attachment_100600\" style=\"width: 609px\" class=\"wp-caption aligncenter\"><img loading=\"lazy\" decoding=\"async\" aria-describedby=\"caption-attachment-100600\" class=\"size-full wp-image-100600\" src=\"http:\/\/senoticias.com.br\/se\/wp-content\/uploads\/2017\/02\/Luciano-Bispo-em-George-Magalhaes-SE-NOTICIAS-e1487021049386.jpg\" alt=\"Luciano Bispo: Pesquisa sobre 2018 \u00e9 coisa de quem n\u00e3o ter o que fazer. (Foto: Marcos Aur\u00e9lio)\" width=\"599\" height=\"449\" \/><p id=\"caption-attachment-100600\" class=\"wp-caption-text\">Luciano Bispo: Pesquisa sobre 2018 \u00e9 coisa de quem n\u00e3o ter o que fazer. (Foto: Marcos Aur\u00e9lio)<\/p><\/div>\n<p style=\"text-align: justify;\">Quando foi questionado sobre uma pesquisa de inten\u00e7\u00e3o de votos para governador e senador, cuja elei\u00e7\u00e3o somente acontecer\u00e1 em outubro de 2018, Luciano Bispo respondeu fazendo uma pergunta ao radialista, \u201cV\u00e1 perguntar ao povo o que acha de se fazer uma pesquisa pra uma elei\u00e7\u00e3o em 2018, agora, em fevereiro de 2017, com quase dois anos de anteced\u00eancia\u201d, questionou, e completou, \u201cGeorge, quando o cidad\u00e3o v\u00ea uma coisa dessas, fica \u00e9 revoltado e dizendo, olhe ai o que os pol\u00edticos est\u00e3o pensando, em elei\u00e7\u00e3o. O que n\u00f3s devemos pensar nesse momento \u00e9 em governar esse Estado, oferecer aos cidad\u00e3os as melhorias que todos n\u00f3s precisamos, falar de elei\u00e7\u00e3o agora \u00e9 coisa de quem n\u00e3o tem o que fazer\u201d e completou, \u201cEu mesmo n\u00e3o me preocupo nenhum segundo com isso, se a Oposi\u00e7\u00e3o quer pegar esses n\u00fameros pra ir dizer a popula\u00e7\u00e3o que j\u00e1 ganhou o governo e at\u00e9 atrair lideran\u00e7as. Eles j\u00e1 fizeram isso de 2010 at\u00e9 2014, e perderam a elei\u00e7\u00e3o. O povo tem ju\u00edzo\u201d, afirmou Luciano Bispo.<\/p>\n<p style=\"text-align: justify;\">Ao falar sobre os problemas enfrentados pelos sergipanos, Luciano chamou a aten\u00e7\u00e3o para a quest\u00e3o da forte seca que estamos enfrentando, a qual inclusive, neste ano, n\u00e3o afeta somente aos moradores da regi\u00e3o do alto sert\u00e3o. \u201cEm Itabaiana, e todo o agreste, n\u00f3s tamb\u00e9m estamos sentindo os efeitos da estiagem. A sorte de Aracaju \u00e9 a barragem do rio Poxim!, constru\u00edda por Marcelo D\u00e9da, que est\u00e1 aliviando o problema na capital\u201d. Sobre a ida de prefeitos \u00e0 Bras\u00edlia na semana passada, o deputado estadual disse que estava presente e o que viu foi o governador Jackson Barreto cobrar do Ministro a\u00e7\u00f5es efetivas para ajudar os prefeitos, enquanto a Oposi\u00e7\u00e3o se preocupou apenas em elogiar o governo federal, pra dizer que tem prest\u00edgio no governo do presidente Temmer.<\/p>\n<p style=\"text-align: justify;\">Sobre quais as conquistas para Itabaiana, o deputado estadual informou que al\u00e9m das obras importantes, como o novo CEASA e a rodovia que liga a BR235, com a BR101, que ir\u00e1 beneficiar todos da regi\u00e3o agreste e do sert\u00e3o de Sergipe, o governo de Jackson Barreto, numa luta do seu mandato, tem investido no saneamento b\u00e1sico, e a na constru\u00e7\u00e3o do novo gin\u00e1sio de esportes, \u201cum dos mais modernos da regi\u00e3o nordeste, que j\u00e1 est\u00e1 sendo constru\u00eddo e logo o entregaremos ao povo de minha cidade\u201d. Bispo anunciou ainda a conquista de R$ 2 milh\u00f5es para a constru\u00e7\u00e3o da sede pr\u00f3pria do Corpo de Bombeiros na cidade serrana, que ser\u00e3o somados aos mais de R$ 200 milh\u00f5es j\u00e1 em andamento.<\/p>\n<p style=\"text-align: justify;\">Perguntado por um ouvinte sobre a situa\u00e7\u00e3o dos deputados suplentes, Adelson Barreto Filho, Tijoi, e Daniel Fortes, que est\u00e3o numa disputa jur\u00eddica para ocuparem uma das cadeiras do parlamento estadual, Luciano Bispo foi enf\u00e1tico, \u201cEu n\u00e3o tenho o poder de decidir quem assume ou quem fica de fora. Essa \u00e9 uma decis\u00e3o do Poder Judici\u00e1rio, e eu estou apenas aguardando a decis\u00e3o dos magistrados. O que a Justi\u00e7a decidir, eu cumpro, de imediato\u201d. O presidente lamentou que uma onda de boatos, gerados a partir de interesses politiqueiros tente imputar a ele, o poder de decis\u00e3o neste caso.<\/p>\n<p style=\"text-align: justify;\"><img loading=\"lazy\" decoding=\"async\" class=\"aligncenter size-full wp-image-100543\" src=\"http:\/\/senoticias.com.br\/se\/wp-content\/uploads\/2017\/02\/Logo-fone-1-2-1-2-3.jpg\" alt=\"SENOTICIAS\" width=\"599\" height=\"78\" srcset=\"https:\/\/senoticias.com.br\/se\/wp-content\/uploads\/2017\/02\/Logo-fone-1-2-1-2-3.jpg 599w, https:\/\/senoticias.com.br\/se\/wp-content\/uploads\/2017\/02\/Logo-fone-1-2-1-2-3-300x39.jpg 300w\" sizes=\"(max-width: 599px) 100vw, 599px\" \/><\/p>\n<p style=\"text-align: justify;\">\u00a0<strong>Acompanhe tamb\u00e9m o SE Not\u00edcias no<\/strong><strong>\u00a0<\/strong><a href=\"https:\/\/twitter.com\/Senoticias\"><strong>Twitter<\/strong><\/a><strong>,<\/strong><strong>\u00a0<\/strong><a href=\"https:\/\/www.facebook.com\/senoticias1\"><strong>Facebook<\/strong><strong>\u00a0<\/strong><\/a><strong>e no<\/strong><strong>\u00a0<\/strong><a href=\"https:\/\/www.instagram.com\/senoticias\/\"><strong>Instagram<\/strong><\/a><\/p>\n<p style=\"text-align: justify;\"><em>Por Marcos Aur\u00e9lio\/Alese<\/em><\/p>\n","protected":false},"excerpt":{"rendered":"<p>O presidente da Assembleia Legislativa de Sergipe, Luciano Bispo, foi entrevistado nesta segunda-feira (13), pelo radialista George Magalh\u00e3es, na FAN FM, e durante a conversa com o apresentador e os ouvintes falou sobre v\u00e1rios temas, como a pol\u00edtica e as quest\u00f5es administrativas do estado de Sergipe. \u201cQuero iniciar aproveitando o espa\u00e7o para parabenizar os alunos [&hellip;]<\/p>\n","protected":false},"author":2,"featured_media":100600,"comment_status":"closed","ping_status":"closed","sticky":false,"template":"","format":"standard","meta":{"footnotes":""},"categories":[15],"tags":[],"class_list":{"0":"post-100598","1":"post","2":"type-post","3":"status-publish","4":"format-standard","5":"has-post-thumbnail","7":"category-destaques"},"_links":{"self":[{"href":"https:\/\/senoticias.com.br\/se\/wp-json\/wp\/v2\/posts\/100598"}],"collection":[{"href":"https:\/\/senoticias.com.br\/se\/wp-json\/wp\/v2\/posts"}],"about":[{"href":"https:\/\/senoticias.com.br\/se\/wp-json\/wp\/v2\/types\/post"}],"author":[{"embeddable":true,"href":"https:\/\/senoticias.com.br\/se\/wp-json\/wp\/v2\/users\/2"}],"replies":[{"embeddable":true,"href":"https:\/\/senoticias.com.br\/se\/wp-json\/wp\/v2\/comments?post=100598"}],"version-history":[{"count":0,"href":"https:\/\/senoticias.com.br\/se\/wp-json\/wp\/v2\/posts\/100598\/revisions"}],"wp:featuredmedia":[{"embeddable":true,"href":"https:\/\/senoticias.com.br\/se\/wp-json\/wp\/v2\/media\/100600"}],"wp:attachment":[{"href":"https:\/\/senoticias.com.br\/se\/wp-json\/wp\/v2\/media?parent=100598"}],"wp:term":[{"taxonomy":"category","embeddable":true,"href":"https:\/\/senoticias.com.br\/se\/wp-json\/wp\/v2\/categories?post=100598"},{"taxonomy":"post_tag","embeddable":true,"href":"https:\/\/senoticias.com.br\/se\/wp-json\/wp\/v2\/tags?post=100598"}],"curies":[{"name":"wp","href":"https:\/\/api.w.org\/{rel}","templated":true}]}}