{"id":100595,"date":"2017-02-13T17:27:11","date_gmt":"2017-02-13T20:27:11","guid":{"rendered":"http:\/\/senoticias.com.br\/se\/?p=100595"},"modified":"2017-02-13T17:27:11","modified_gmt":"2017-02-13T20:27:11","slug":"em-janeiro-custo-medio-da-construcao-civil-em-sergipe-aumentou-02","status":"publish","type":"post","link":"https:\/\/senoticias.com.br\/se\/em-janeiro-custo-medio-da-construcao-civil-em-sergipe-aumentou-02\/","title":{"rendered":"Em janeiro, custo m\u00e9dio da constru\u00e7\u00e3o civil em Sergipe aumentou 0,2%"},"content":{"rendered":"<p style=\"text-align: justify;\">An\u00e1lise realizada pelo Boletim Sergipe Econ\u00f4mico, parceria do N\u00facleo de Informa\u00e7\u00f5es Econ\u00f4micas (NIE) da Federa\u00e7\u00e3o das Ind\u00fastrias do Estado de Sergipe (FIES) e do Departamento de Economia da UFS, com base nos dados do Sistema Nacional de Pesquisa de Custos e \u00cdndices da Constru\u00e7\u00e3o Civil (Sinapi), calculado pelo IBGE em conv\u00eanio com a Caixa Econ\u00f4mica Federal, revelou que o custo da constru\u00e7\u00e3o, medido por metro quadrado (m\u00b2), em Sergipe, no primeiro m\u00eas do ano, assinalou expans\u00e3o de 0,2% em rela\u00e7\u00e3o a dezembro \u00faltimo.<\/p>\n<div id=\"attachment_100596\" style=\"width: 609px\" class=\"wp-caption aligncenter\"><img loading=\"lazy\" decoding=\"async\" aria-describedby=\"caption-attachment-100596\" class=\"size-full wp-image-100596\" src=\"http:\/\/senoticias.com.br\/se\/wp-content\/uploads\/2017\/02\/SENot\u00edcias-thumb-2.jpg\" alt=\"No comparativo com o m\u00eas de janeiro do ano passado, o custo apresentou alta de 3,5% (Foto: Reprodu\u00e7\u00e3o) \" width=\"599\" height=\"382\" srcset=\"https:\/\/senoticias.com.br\/se\/wp-content\/uploads\/2017\/02\/SENot\u00edcias-thumb-2.jpg 599w, https:\/\/senoticias.com.br\/se\/wp-content\/uploads\/2017\/02\/SENot\u00edcias-thumb-2-300x191.jpg 300w, https:\/\/senoticias.com.br\/se\/wp-content\/uploads\/2017\/02\/SENot\u00edcias-thumb-2-190x122.jpg 190w, https:\/\/senoticias.com.br\/se\/wp-content\/uploads\/2017\/02\/SENot\u00edcias-thumb-2-120x76.jpg 120w, https:\/\/senoticias.com.br\/se\/wp-content\/uploads\/2017\/02\/SENot\u00edcias-thumb-2-265x168.jpg 265w, https:\/\/senoticias.com.br\/se\/wp-content\/uploads\/2017\/02\/SENot\u00edcias-thumb-2-284x180.jpg 284w, https:\/\/senoticias.com.br\/se\/wp-content\/uploads\/2017\/02\/SENot\u00edcias-thumb-2-220x140.jpg 220w\" sizes=\"(max-width: 599px) 100vw, 599px\" \/><p id=\"caption-attachment-100596\" class=\"wp-caption-text\">No comparativo com o m\u00eas de janeiro do ano passado, o custo apresentou alta de 3,5% (Foto: Reprodu\u00e7\u00e3o)<\/p><\/div>\n<p style=\"text-align: justify;\">O valor do custo m\u00e9dio por metro quadrado, no m\u00eas analisado, ficou em R$ 905,88, sendo o menor valor registrado entre os estados brasileiros. No comparativo com o m\u00eas de janeiro do ano passado, o custo apresentou alta de 3,5%.<\/p>\n<p style=\"text-align: justify;\">Analisando os custos da constru\u00e7\u00e3o separadamente, do primeiro m\u00eas do ano, verificou-se que do valor total, a fatia de 55% ou R$ 494,62, correspondeu ao custo com material, enquanto que os 45% restantes ou R$ 411,26, referiu-se ao valor da m\u00e3o de obra empregada.<\/p>\n<p style=\"text-align: justify;\">O custo com o material apresentou redu\u00e7\u00e3o de 0,8%, em compara\u00e7\u00e3o com o m\u00eas anterior, e redu\u00e7\u00e3o de 0,1%, quando comparado com janeiro de 2016. Entretanto, o custo com a m\u00e3o de obra apresentou eleva\u00e7\u00e3o, sendo de 1,3%, na compara\u00e7\u00e3o mensal, e de 8,3%, na compara\u00e7\u00e3o com janeiro do ano passado.<\/p>\n<p style=\"text-align: justify;\"><strong>Acompanhe tamb\u00e9m o SE Not\u00edcias no <a href=\"https:\/\/twitter.com\/Senoticias\">Twitter<\/a>, <a href=\"https:\/\/www.facebook.com\/PortalSENoticias\/\">Facebook <\/a>e no <a href=\"https:\/\/www.instagram.com\/senoticias\/\">Instagram<\/a><\/strong><\/p>\n<p style=\"text-align: justify;\"><img loading=\"lazy\" decoding=\"async\" class=\"aligncenter size-full wp-image-100543\" src=\"http:\/\/senoticias.com.br\/se\/wp-content\/uploads\/2017\/02\/Logo-fone-1-2-1-2-3.jpg\" alt=\"SENOTICIAS\" width=\"599\" height=\"78\" srcset=\"https:\/\/senoticias.com.br\/se\/wp-content\/uploads\/2017\/02\/Logo-fone-1-2-1-2-3.jpg 599w, https:\/\/senoticias.com.br\/se\/wp-content\/uploads\/2017\/02\/Logo-fone-1-2-1-2-3-300x39.jpg 300w\" sizes=\"(max-width: 599px) 100vw, 599px\" \/><\/p>\n<p style=\"text-align: justify;\"><em>Do Unicom\/Fies<\/em><\/p>\n","protected":false},"excerpt":{"rendered":"<p>An\u00e1lise realizada pelo Boletim Sergipe Econ\u00f4mico, parceria do N\u00facleo de Informa\u00e7\u00f5es Econ\u00f4micas (NIE) da Federa\u00e7\u00e3o das Ind\u00fastrias do Estado de Sergipe (FIES) e do Departamento de Economia da UFS, com base nos dados do Sistema Nacional de Pesquisa de Custos e \u00cdndices da Constru\u00e7\u00e3o Civil (Sinapi), calculado pelo IBGE em conv\u00eanio com a Caixa Econ\u00f4mica [&hellip;]<\/p>\n","protected":false},"author":2,"featured_media":0,"comment_status":"closed","ping_status":"closed","sticky":false,"template":"","format":"standard","meta":{"footnotes":""},"categories":[1],"tags":[],"class_list":{"0":"post-100595","1":"post","2":"type-post","3":"status-publish","4":"format-standard","6":"category-sem-categoria"},"_links":{"self":[{"href":"https:\/\/senoticias.com.br\/se\/wp-json\/wp\/v2\/posts\/100595"}],"collection":[{"href":"https:\/\/senoticias.com.br\/se\/wp-json\/wp\/v2\/posts"}],"about":[{"href":"https:\/\/senoticias.com.br\/se\/wp-json\/wp\/v2\/types\/post"}],"author":[{"embeddable":true,"href":"https:\/\/senoticias.com.br\/se\/wp-json\/wp\/v2\/users\/2"}],"replies":[{"embeddable":true,"href":"https:\/\/senoticias.com.br\/se\/wp-json\/wp\/v2\/comments?post=100595"}],"version-history":[{"count":0,"href":"https:\/\/senoticias.com.br\/se\/wp-json\/wp\/v2\/posts\/100595\/revisions"}],"wp:attachment":[{"href":"https:\/\/senoticias.com.br\/se\/wp-json\/wp\/v2\/media?parent=100595"}],"wp:term":[{"taxonomy":"category","embeddable":true,"href":"https:\/\/senoticias.com.br\/se\/wp-json\/wp\/v2\/categories?post=100595"},{"taxonomy":"post_tag","embeddable":true,"href":"https:\/\/senoticias.com.br\/se\/wp-json\/wp\/v2\/tags?post=100595"}],"curies":[{"name":"wp","href":"https:\/\/api.w.org\/{rel}","templated":true}]}}