{"id":100545,"date":"2017-02-12T17:30:01","date_gmt":"2017-02-12T20:30:01","guid":{"rendered":"http:\/\/senoticias.com.br\/se\/?p=100545"},"modified":"2017-02-12T17:31:02","modified_gmt":"2017-02-12T20:31:02","slug":"saiba-como-consultar-o-saldo-de-contas-inativas-do-fgts","status":"publish","type":"post","link":"https:\/\/senoticias.com.br\/se\/saiba-como-consultar-o-saldo-de-contas-inativas-do-fgts\/","title":{"rendered":"Saiba como consultar o saldo de contas inativas do FGTS"},"content":{"rendered":"<p style=\"text-align: justify;\">O presidente Michel Temer anunciou nesta quinta-feira (22) que o governo vai liberar o saque de contas do Fundo de Garantia por Tempo de Servi\u00e7o (FGTS) inativas at\u00e9 31 de dezembro de 2015. Conta inativa de FGTS \u00e9 aquela que em que o empregado deixa de receber os dep\u00f3sitos do empregador por extin\u00e7\u00e3o ou rescis\u00e3o do contrato de trabalho.<\/p>\n<div id=\"attachment_84934\" style=\"width: 609px\" class=\"wp-caption aligncenter\"><img loading=\"lazy\" decoding=\"async\" aria-describedby=\"caption-attachment-84934\" class=\"size-full wp-image-84934\" src=\"http:\/\/senoticias.com.br\/se\/wp-content\/uploads\/2015\/10\/dinheiro_calculadora-e1475264323506.png\" alt=\"Antes, s\u00f3 tinha direito a sacar o FGTS de uma conta inativa quem estivesse desempregado por, no m\u00ednimo, tr\u00eas anos ininterruptos Net) Divulga\u00e7\u00e3o \" width=\"599\" height=\"399\" \/><p id=\"caption-attachment-84934\" class=\"wp-caption-text\">Antes, s\u00f3 tinha direito a sacar o FGTS de uma conta inativa quem estivesse desempregado por, no m\u00ednimo, tr\u00eas anos ininterruptos. (Foto: arquivo\/CEF\/Divulga\u00e7\u00e3o)<\/p><\/div>\n<div class=\"mc-column content-text active-extra-styles active-capital-letter\" data-block-type=\"unstyled\" data-block-weight=\"96\">\n<p class=\"content-text__container theme-color-primary-first-letter\" style=\"text-align: justify;\" data-track-category=\"Link no Texto\" data-track-links=\"\">Antes, s\u00f3 tinha direito a sacar o FGTS de uma conta inativa quem estivesse desempregado por, no m\u00ednimo, tr\u00eas anos ininterruptos <em>(veja, abaixo, como saber se voc\u00ea poder\u00e1 sacar o dinheiro de uma conta inativa de FGTS)<\/em>.<\/p>\n<\/div>\n<div class=\"mc-column content-text active-extra-styles \" style=\"text-align: justify;\" data-block-type=\"unstyled\" data-block-weight=\"38\">\n<p class=\"content-text__container \" data-track-category=\"Link no Texto\" data-track-links=\"\">A partir de agora, quem est\u00e1 atualmente empregado passa a poder sacar o valor de uma conta inativa, desde que o afastamento do emprego anterior tenha ocorrido at\u00e9 31\/12\/2015, informou ao <strong>G1<\/strong> a assessoria de imprensa da Caixa.<\/p>\n<\/div>\n<div class=\"mc-column content-text active-extra-styles \" data-block-type=\"unstyled\" data-block-weight=\"103\">\n<p class=\"content-text__container \" style=\"text-align: justify;\" data-track-category=\"Link no Texto\" data-track-links=\"\">O trabalhador, no entanto, n\u00e3o pode sacar o FGTS de uma conta ativa, ou seja, depositado pelo empregador atual.<\/p>\n<p class=\"content-text__container \" style=\"text-align: justify;\" data-track-category=\"Link no Texto\" data-track-links=\"\">De acordo com o ministro do Planejamento, Dyogo Oliveira, o cronograma para o saque de contas inativas ser\u00e1 divulgado at\u00e9 o in\u00edcio de fevereiro e levar\u00e1 em conta a data de nascimento dos benefici\u00e1rios.<\/p>\n<p style=\"text-align: justify;\">O trabalhador pode consultar o saldo no site da Caixa ou do pr\u00f3prio FGTS e atrav\u00e9s de aplicativo para smartphones e tablets (com vers\u00e3o para Android, iOS e Windows). \u00c9 poss\u00edvel ainda fazer um cadastro para receber informa\u00e7\u00f5es do FGTS por mensagens no celular ou por e-mail <em>(veja detalhes abaixo)<\/em>.<\/p>\n<div class=\"mc-column content-text active-extra-styles \" style=\"text-align: justify;\" data-block-type=\"unstyled\" data-block-weight=\"52\">\n<p class=\"content-text__container \" style=\"text-align: justify;\" data-track-category=\"Link no Texto\" data-track-links=\"\">A medida anunciada nesta quinta faz parte de uma tentativa do governo de reaquecer a economia. O presidente explicou que n\u00e3o haver\u00e1 limite para o saque. O trabalhador, se quiser, poder\u00e1 sacar todo o valor que tem na conta inativa. O presidente n\u00e3o detalhou a partir de quando o saque ser\u00e1 liberado.<\/p>\n<\/div>\n<div class=\"mc-column content-text active-extra-styles \" data-block-type=\"unstyled\" data-block-weight=\"29\">\n<p class=\"content-text__container \" style=\"text-align: justify;\" data-track-category=\"Link no Texto\" data-track-links=\"\">Segundo o governo, cerca de 10, 2 milh\u00f5es de trabalhadores poder\u00e3o sacar o dinheiro e a maior parte das contas inativas tem saldo de menos de um sal\u00e1rio m\u00ednimo.<\/p>\n<div class=\"mc-column content-text active-extra-styles\" data-block-type=\"raw\" data-block-weight=\"12\">\n<div class=\"content-intertitle\">\n<h2>\u2014 Veja abaixo como consultar o saldo do FGTS das contas inativas:<\/h2>\n<\/div>\n<\/div>\n<div class=\"mc-column content-text active-extra-styles\" data-block-type=\"raw\" data-block-weight=\"1\">\n<div class=\"content-intertitle\">\n<h2>Pessoalmente<\/h2>\n<\/div>\n<\/div>\n<div class=\"mc-column content-text active-extra-styles \" data-block-type=\"unstyled\" data-block-weight=\"51\">\n<p class=\"content-text__container \" data-track-category=\"Link no Texto\" data-track-links=\"\">O trabalhador pode consultar seu extrato do FGTS presencialmente no balc\u00e3o de atendimento de ag\u00eancias da Caixa. Tamb\u00e9m \u00e9 poss\u00edvel ir a um posto de atendimento e fazer a consulta utilizando o Cart\u00e3o Cidad\u00e3o, desde que tenha em m\u00e3os a senha. N\u00e3o \u00e9 poss\u00edvel consultar o extrato do FGTS pelo telefone.<\/p>\n<\/div>\n<div class=\"mc-column content-text active-extra-styles\" data-block-type=\"raw\" data-block-weight=\"6\">\n<div class=\"content-intertitle\">\n<h2>Pela internet, no site da Caixa<\/h2>\n<\/div>\n<\/div>\n<div class=\"mc-column content-text active-extra-styles \" data-block-type=\"unstyled\" data-block-weight=\"61\">\n<p class=\"content-text__container \" style=\"text-align: justify;\" data-track-category=\"Link no Texto\" data-track-links=\"\">No <a href=\"https:\/\/servicossociais.caixa.gov.br\/internet.do?segmento=CIDADAO01&amp;produto=FGTS\" target=\"_blank\" rel=\"noopener nofollow\">site Caixa<\/a>, \u00e9 preciso informar o NIS (PIS\/Pasep), que pode ser consultado na carteira de trabalho, e usar uma senha cadastrada pelo pr\u00f3prio trabalhador. \u00c9 poss\u00edvel usar ainda a Senha Cidad\u00e3o. A p\u00e1gina oferece a op\u00e7\u00e3o de recuperar a senha, mas \u00e9 preciso informar o NIS. O servi\u00e7o mostra dados cadastrais e lan\u00e7amentos feitos na conta nos \u00faltimos seis meses.<\/p>\n<\/div>\n<div class=\"mc-column content-text active-extra-styles \" data-block-type=\"unstyled\" data-block-weight=\"39\">\n<p class=\"content-text__container \" style=\"text-align: justify;\" data-track-category=\"Link no Texto\" data-track-links=\"\">O site da Caixa apresentava instabilidade na tarde desta quinta-feira devido a uma sobrecarga de acessos. O banco informou que uma equipe t\u00e9cnica est\u00e1 atuando para solucionar o problema. A Caixa prev\u00ea que o problema ser\u00e1 sanado em breve.<\/p>\n<\/div>\n<div class=\"mc-column content-text active-extra-styles \" data-block-type=\"unstyled\" data-block-weight=\"6\">\n<p class=\"content-text__container \" data-track-category=\"Link no Texto\" data-track-links=\"\">Para consultar seu saldo, clique <a href=\"https:\/\/servicossociais.caixa.gov.br\/internet.do?segmento=CIDADAO01\" target=\"_blank\" rel=\"noopener nofollow\">aqui<\/a>.<\/p>\n<p class=\"content-text__container \" data-track-category=\"Link no Texto\" data-track-links=\"\"><img loading=\"lazy\" decoding=\"async\" class=\"aligncenter size-full wp-image-100543\" src=\"http:\/\/senoticias.com.br\/se\/wp-content\/uploads\/2017\/02\/Logo-fone-1-2-1-2-3.jpg\" alt=\"SENOTICIAS\" width=\"599\" height=\"78\" srcset=\"https:\/\/senoticias.com.br\/se\/wp-content\/uploads\/2017\/02\/Logo-fone-1-2-1-2-3.jpg 599w, https:\/\/senoticias.com.br\/se\/wp-content\/uploads\/2017\/02\/Logo-fone-1-2-1-2-3-300x39.jpg 300w\" sizes=\"(max-width: 599px) 100vw, 599px\" \/><\/p>\n<p class=\"content-text__container \" data-track-category=\"Link no Texto\" data-track-links=\"\"><strong>Acompanhe tamb\u00e9m o SE Not\u00edcias no <a href=\"https:\/\/twitter.com\/Senoticias\">Twitter<\/a>, <a href=\"https:\/\/www.facebook.com\/PortalSENoticias\/\">Facebook <\/a>e no <a href=\"https:\/\/www.instagram.com\/senoticias\/\">Instagram<\/a><\/strong><\/p>\n<p class=\"content-text__container \" data-track-category=\"Link no Texto\" data-track-links=\"\"><em>Informa\u00e7\u00f5es do G1<\/em><\/p>\n<\/div>\n<\/div>\n<\/div>\n","protected":false},"excerpt":{"rendered":"<p>O presidente Michel Temer anunciou nesta quinta-feira (22) que o governo vai liberar o saque de contas do Fundo de Garantia por Tempo de Servi\u00e7o (FGTS) inativas at\u00e9 31 de dezembro de 2015. Conta inativa de FGTS \u00e9 aquela que em que o empregado deixa de receber os dep\u00f3sitos do empregador por extin\u00e7\u00e3o ou rescis\u00e3o [&hellip;]<\/p>\n","protected":false},"author":2,"featured_media":84934,"comment_status":"closed","ping_status":"closed","sticky":false,"template":"","format":"standard","meta":{"footnotes":""},"categories":[15],"tags":[1609,2277,2276,2275,2278],"class_list":{"0":"post-100545","1":"post","2":"type-post","3":"status-publish","4":"format-standard","5":"has-post-thumbnail","7":"category-destaques","8":"tag-caixa","9":"tag-contas-inativas","10":"tag-fgts","11":"tag-g","12":"tag-saldo-de-contas-inativas-do-fgts"},"_links":{"self":[{"href":"https:\/\/senoticias.com.br\/se\/wp-json\/wp\/v2\/posts\/100545"}],"collection":[{"href":"https:\/\/senoticias.com.br\/se\/wp-json\/wp\/v2\/posts"}],"about":[{"href":"https:\/\/senoticias.com.br\/se\/wp-json\/wp\/v2\/types\/post"}],"author":[{"embeddable":true,"href":"https:\/\/senoticias.com.br\/se\/wp-json\/wp\/v2\/users\/2"}],"replies":[{"embeddable":true,"href":"https:\/\/senoticias.com.br\/se\/wp-json\/wp\/v2\/comments?post=100545"}],"version-history":[{"count":0,"href":"https:\/\/senoticias.com.br\/se\/wp-json\/wp\/v2\/posts\/100545\/revisions"}],"wp:featuredmedia":[{"embeddable":true,"href":"https:\/\/senoticias.com.br\/se\/wp-json\/wp\/v2\/media\/84934"}],"wp:attachment":[{"href":"https:\/\/senoticias.com.br\/se\/wp-json\/wp\/v2\/media?parent=100545"}],"wp:term":[{"taxonomy":"category","embeddable":true,"href":"https:\/\/senoticias.com.br\/se\/wp-json\/wp\/v2\/categories?post=100545"},{"taxonomy":"post_tag","embeddable":true,"href":"https:\/\/senoticias.com.br\/se\/wp-json\/wp\/v2\/tags?post=100545"}],"curies":[{"name":"wp","href":"https:\/\/api.w.org\/{rel}","templated":true}]}}