{"id":100542,"date":"2017-02-12T16:44:04","date_gmt":"2017-02-12T19:44:04","guid":{"rendered":"http:\/\/senoticias.com.br\/se\/?p=100542"},"modified":"2017-02-12T16:44:04","modified_gmt":"2017-02-12T19:44:04","slug":"pai-de-17-anos-e-suspeito-de-matar-o-filho-de-4-meses-no-interior-do-estado","status":"publish","type":"post","link":"https:\/\/senoticias.com.br\/se\/pai-de-17-anos-e-suspeito-de-matar-o-filho-de-4-meses-no-interior-do-estado\/","title":{"rendered":"Pai de 17 anos \u00e9 suspeito de matar o filho de 4 meses no interior do estado"},"content":{"rendered":"<p style=\"text-align: justify;\">Um menino de quatro meses morreu na noite de s\u00e1bado (11) na localidade conhecida como Alto do Aracaju, no munic\u00edpio de Propri\u00e1 (SE). A Pol\u00edcia Militar apreendeu o pai do beb\u00ea, um adolescente de 17 anos, que teria confessado que bateu na crian\u00e7a quando estava sob o efeito de drogas.<\/p>\n<div id=\"attachment_100544\" style=\"width: 609px\" class=\"wp-caption aligncenter\"><img loading=\"lazy\" decoding=\"async\" aria-describedby=\"caption-attachment-100544\" class=\"size-full wp-image-100544\" src=\"http:\/\/senoticias.com.br\/se\/wp-content\/uploads\/2017\/02\/Delegado-Eurico-Nascimento-SE-Noticias.jpg\" alt=\"Segundo o delegado Eurico Nascimento, o acusado estava sendo investigado no munic\u00edpio de Boquim. (Foto: SSP\/SE)\" width=\"599\" height=\"567\" srcset=\"https:\/\/senoticias.com.br\/se\/wp-content\/uploads\/2017\/02\/Delegado-Eurico-Nascimento-SE-Noticias.jpg 599w, https:\/\/senoticias.com.br\/se\/wp-content\/uploads\/2017\/02\/Delegado-Eurico-Nascimento-SE-Noticias-300x284.jpg 300w\" sizes=\"(max-width: 599px) 100vw, 599px\" \/><p id=\"caption-attachment-100544\" class=\"wp-caption-text\">Delegado Eurico Nascimento, efetuou o auto de apreens\u00e3o em fragrante do adolescente de 17 anos. (Foto: \u00a0arquivo\/SSP\/SE)<\/p><\/div>\n<p>efetuou o auto de apreens\u00e3o em flagrante do adolescente<\/p>\n<p style=\"text-align: justify;\">O tenente Gilvan Santos, supervisor do 2\u00ba Batalh\u00e3o da Pol\u00edcia Militar, informou que foi acionado por uma m\u00e9dica do Hospital Regional S\u00e3o Vicente de Paula ap\u00f3s a chegada da crian\u00e7a com sinais de viol\u00eancia pelo corpo. A crian\u00e7a levada pelos pais j\u00e1 chegou morta.<\/p>\n<p style=\"text-align: justify;\">A m\u00e3e da crian\u00e7a, de 16 anos, contou \u00e0 Pol\u00edcia Militar que deixou a crian\u00e7a com pai para ir comprar fralda e quando retornou encontrou o companheiro tentando reanimar o filho.<\/p>\n<p style=\"text-align: justify;\">Segundo o supervisor Gilvan Santos, o pai relatou que havia usado drogas e que j\u00e1 havia batido na mulher e no beb\u00ea anteriormente. Policiais militares apreenderam o suspeito e o delegado plantonista de Propri\u00e1, Eurico Nascimento, efetuou o auto de apreens\u00e3o em flagrante do adolescente. O caso j\u00e1 foi encaminhado para o Minist\u00e9rio P\u00fablico do Estado (MPE), na capital. <em>(Informa\u00e7\u00f5es do Portal <a href=\"http:\/\/g1.globo.com\/se\/sergipe\/noticia\/2017\/02\/policia-apreende-adolescente-suspeito-de-matar-o-filho-de-4-meses.html\"><strong>G1 SE<\/strong><\/a>)<\/em><\/p>\n<p style=\"text-align: justify;\"><img loading=\"lazy\" decoding=\"async\" class=\"aligncenter size-full wp-image-100543\" src=\"http:\/\/senoticias.com.br\/se\/wp-content\/uploads\/2017\/02\/Logo-fone-1-2-1-2-3.jpg\" alt=\"SENOTICIAS\" width=\"599\" height=\"78\" srcset=\"https:\/\/senoticias.com.br\/se\/wp-content\/uploads\/2017\/02\/Logo-fone-1-2-1-2-3.jpg 599w, https:\/\/senoticias.com.br\/se\/wp-content\/uploads\/2017\/02\/Logo-fone-1-2-1-2-3-300x39.jpg 300w\" sizes=\"(max-width: 599px) 100vw, 599px\" \/><\/p>\n<p style=\"text-align: justify;\"><strong>Acompanhe tamb\u00e9m o SE Not\u00edcias no<\/strong><span class=\"apple-converted-space\"><b>\u00a0<\/b><\/span><a href=\"https:\/\/twitter.com\/Senoticias\" target=\"_blank\"><b>Twitter<\/b><\/a><strong>,<\/strong><span class=\"apple-converted-space\"><b>\u00a0<\/b><\/span><a href=\"https:\/\/www.facebook.com\/senoticias1\" target=\"_blank\"><b>Facebook<\/b><span class=\"apple-converted-space\"><b>\u00a0<\/b><\/span><\/a><strong>e no<\/strong><span class=\"apple-converted-space\"><b>\u00a0<\/b><\/span><a href=\"https:\/\/www.instagram.com\/senoticias\/\" target=\"_blank\"><b>Instagram<\/b><\/a><\/p>\n","protected":false},"excerpt":{"rendered":"<p>Um menino de quatro meses morreu na noite de s\u00e1bado (11) na localidade conhecida como Alto do Aracaju, no munic\u00edpio de Propri\u00e1 (SE). A Pol\u00edcia Militar apreendeu o pai do beb\u00ea, um adolescente de 17 anos, que teria confessado que bateu na crian\u00e7a quando estava sob o efeito de drogas. efetuou o auto de apreens\u00e3o [&hellip;]<\/p>\n","protected":false},"author":2,"featured_media":100544,"comment_status":"closed","ping_status":"closed","sticky":false,"template":"","format":"standard","meta":{"footnotes":""},"categories":[15],"tags":[],"class_list":{"0":"post-100542","1":"post","2":"type-post","3":"status-publish","4":"format-standard","5":"has-post-thumbnail","7":"category-destaques"},"_links":{"self":[{"href":"https:\/\/senoticias.com.br\/se\/wp-json\/wp\/v2\/posts\/100542"}],"collection":[{"href":"https:\/\/senoticias.com.br\/se\/wp-json\/wp\/v2\/posts"}],"about":[{"href":"https:\/\/senoticias.com.br\/se\/wp-json\/wp\/v2\/types\/post"}],"author":[{"embeddable":true,"href":"https:\/\/senoticias.com.br\/se\/wp-json\/wp\/v2\/users\/2"}],"replies":[{"embeddable":true,"href":"https:\/\/senoticias.com.br\/se\/wp-json\/wp\/v2\/comments?post=100542"}],"version-history":[{"count":0,"href":"https:\/\/senoticias.com.br\/se\/wp-json\/wp\/v2\/posts\/100542\/revisions"}],"wp:featuredmedia":[{"embeddable":true,"href":"https:\/\/senoticias.com.br\/se\/wp-json\/wp\/v2\/media\/100544"}],"wp:attachment":[{"href":"https:\/\/senoticias.com.br\/se\/wp-json\/wp\/v2\/media?parent=100542"}],"wp:term":[{"taxonomy":"category","embeddable":true,"href":"https:\/\/senoticias.com.br\/se\/wp-json\/wp\/v2\/categories?post=100542"},{"taxonomy":"post_tag","embeddable":true,"href":"https:\/\/senoticias.com.br\/se\/wp-json\/wp\/v2\/tags?post=100542"}],"curies":[{"name":"wp","href":"https:\/\/api.w.org\/{rel}","templated":true}]}}