{"id":100509,"date":"2017-02-10T22:03:21","date_gmt":"2017-02-11T01:03:21","guid":{"rendered":"http:\/\/senoticias.com.br\/se\/?p=100509"},"modified":"2017-02-12T17:35:49","modified_gmt":"2017-02-12T20:35:49","slug":"governo-lanca-programa-para-capacitar-profissionais-do-turismo-em-sergipe","status":"publish","type":"post","link":"https:\/\/senoticias.com.br\/se\/governo-lanca-programa-para-capacitar-profissionais-do-turismo-em-sergipe\/","title":{"rendered":"Governo lan\u00e7a programa para capacitar profissionais do turismo em Sergipe"},"content":{"rendered":"<div style=\"text-align: justify;\">\n<p>O governador Jackson Barreto lan\u00e7ar\u00e1 nesta segunda-feira, 13, \u00e0s 9h, o Programa para Capacita\u00e7\u00e3o da Cadeia Produtiva do Turismo de Sergipe. A iniciativa \u00e9 coordenada pela Secretaria de Estado do Turismo. No evento, ser\u00e3o apresentados os cursos de capacita\u00e7\u00e3o que ser\u00e3o ofertados no \u00e2mbito do Programa de Desenvolvimento do Turismo (Prodetur\/SE) \u2013 programa de desenvolvimento do turismo e de qualifica\u00e7\u00e3o de sua cadeia produtiva, realizado com recursos oriundos do BID \u2013 Banco Interamericano de Desenvolvimento.<\/p>\n<div id=\"attachment_22490\" style=\"width: 610px\" class=\"wp-caption aligncenter\"><img loading=\"lazy\" decoding=\"async\" aria-describedby=\"caption-attachment-22490\" class=\"size-full wp-image-22490\" src=\"http:\/\/senoticias.com.br\/se\/wp-content\/uploads\/2012\/01\/18120121233442625.jpg\" alt=\"A iniciativa \u00e9 coordenada pela Secretaria de Estado do Turismo.(Foto: Ascom\/Socorro) . (Ag\u00eancia Socorro de Not\u00edcias)\" width=\"600\" height=\"407\" srcset=\"https:\/\/senoticias.com.br\/se\/wp-content\/uploads\/2012\/01\/18120121233442625.jpg 600w, https:\/\/senoticias.com.br\/se\/wp-content\/uploads\/2012\/01\/18120121233442625-300x203.jpg 300w, https:\/\/senoticias.com.br\/se\/wp-content\/uploads\/2012\/01\/18120121233442625-342x231.jpg 342w\" sizes=\"(max-width: 600px) 100vw, 600px\" \/><p id=\"caption-attachment-22490\" class=\"wp-caption-text\">A iniciativa \u00e9 coordenada pela Secret\u00e1rio de Estado do Turismo, F\u00e1bio Henrique.(Foto: Ascom\/Socorro). (Foto: arquivo\/Ag\u00eancia Socorro de Not\u00edcias)<\/p><\/div>\n<\/div>\n<div style=\"text-align: justify;\"><\/div>\n<div style=\"text-align: justify;\">As capacita\u00e7\u00f5es correspondem a um investimento de R$ 3.225.459,67 e dever\u00e3o se estender at\u00e9 janeiro de 2019. Os cursos ser\u00e3o ministrados por profissionais do Senac, do Sebrae e da Universidade Federal de Sergipe.<\/div>\n<div style=\"text-align: justify;\"><\/div>\n<div style=\"text-align: justify;\">Os Cursos de Capacita\u00e7\u00e3o ser\u00e3o ofertados aos operadores da \u00e1rea do turismo nos munic\u00edpios que comp\u00f5em os polos \u2018Velho Chico\u2019 e \u2018Costa dos Coqueirais\u2019. O Senac, Sebrae e a UFS realizar\u00e3o cursos de capacitar\u00e3o para o p\u00fablico conforme as especialidades a seguir:<\/div>\n<div><\/div>\n<div style=\"text-align: justify;\">\u2022\u00a0\u00a0\u00a0\u00a0\u00a0\u00a0\u00a0\u00a0\u00a0\u00a0\u00a0\u00a0 Pessoas ligadas \u00e0 \u00e1rea de turismo que estejam iniciando ou com pouca experi\u00eancia de trabalho nos segmentos de alimentos e bebidas, meios de hospedagem, entretenimento e lazer (Senac\/SE) \u2013 contrato no valor de R$ 1.749.600,00;<\/div>\n<div style=\"text-align: justify;\"><\/div>\n<div style=\"text-align: justify;\">\u2022\u00a0\u00a0\u00a0\u00a0\u00a0\u00a0\u00a0\u00a0\u00a0\u00a0\u00a0\u00a0 Executar as a\u00e7\u00f5es de qualifica\u00e7\u00e3o Empresarial nos polos Velho Chico e Costa dos Coqueirais do Estado de Sergipe, com vistas a elevar o n\u00edvel de efici\u00eancia na presta\u00e7\u00e3o de servi\u00e7os tur\u00edsticos, atrav\u00e9s do desenvolvimento e aperfei\u00e7oamento das compet\u00eancias necess\u00e1rias aos empres\u00e1rios e gestores dos empreendimentos tur\u00edsticos, visando contribuir para tornar a regi\u00e3o com destino competitivo (Sebrae) \u2013 contrato no valor de R$ 601.00,00;<\/div>\n<div style=\"text-align: justify;\"><\/div>\n<div style=\"text-align: justify;\">\u2022\u00a0\u00a0\u00a0\u00a0\u00a0\u00a0\u00a0\u00a0\u00a0\u00a0\u00a0\u00a0 Capacitar gestores p\u00fablicos e privados de neg\u00f3cios e de territ\u00f3rios tur\u00edsticos em termos de p\u00f3s-gradua\u00e7\u00e3o cobrindo lacuna do mercado profissional e aumentando a capacidade de desenvolvimento de atividade tur\u00edstica nos Polos Tur\u00edsticos doVelho Chico e Costa dos Coqueirais (UFS) \u2013 contrato no valor de R$ 874.859,67.<\/div>\n<div style=\"text-align: justify;\"><\/div>\n<div><strong>Prodetur em Sergipe<\/strong><\/div>\n<div><\/div>\n<div style=\"text-align: justify;\">O Prodetur em Sergipe tem recursos da ordem de US$ 100 milh\u00f5es, sendo US$ 60 milh\u00f5es do BID e US$ 40 milh\u00f5es de contrapartida do Estado de Sergipe, que pode fazer o aporte de sua parte, atrav\u00e9s de diferentes formas de financiamento e de capta\u00e7\u00e3o de recursos.<\/div>\n<div style=\"text-align: justify;\"><\/div>\n<div style=\"text-align: justify;\">O objetivo \u00e9 incrementar a oferta tur\u00edstica, oportunizando a gera\u00e7\u00e3o de emprego e renda no setor. O programa contempla investimentos na constru\u00e7\u00e3o e recupera\u00e7\u00e3o de orlas e equipamentos tur\u00edsticos, patrim\u00f4nio hist\u00f3rico, qualifica\u00e7\u00e3o da m\u00e3o-de-obra, infraestrutura de apoio e fortalecimento institucional do turismo.<\/div>\n<div><\/div>\n<div><strong>Servi\u00e7o<\/strong><\/div>\n<div style=\"text-align: justify;\"><\/div>\n<div style=\"text-align: justify;\"><strong>O qu\u00ea <\/strong>\u2013 Solenidade de Lan\u00e7amento do Programa para Capacita\u00e7\u00e3o da Cadeia Produtiva do Turismo de Sergipe &#8211; Setur\/Prodetur;<\/div>\n<div><\/div>\n<div><strong>Quando<\/strong> \u2013 Segunda-feira, 13; \u00e0s 9h;<\/div>\n<div><\/div>\n<div><strong>Onde<\/strong> \u2013 Hotel Radisson.<\/div>\n<div><\/div>\n<div><img loading=\"lazy\" decoding=\"async\" class=\"aligncenter size-full wp-image-100372\" src=\"http:\/\/senoticias.com.br\/se\/wp-content\/uploads\/2017\/02\/Logo-fone-1-2-1-2-2.jpg\" alt=\"Logo-fone-1-2-1-2\" width=\"599\" height=\"78\" srcset=\"https:\/\/senoticias.com.br\/se\/wp-content\/uploads\/2017\/02\/Logo-fone-1-2-1-2-2.jpg 599w, https:\/\/senoticias.com.br\/se\/wp-content\/uploads\/2017\/02\/Logo-fone-1-2-1-2-2-300x39.jpg 300w\" sizes=\"(max-width: 599px) 100vw, 599px\" \/><\/div>\n<div><\/div>\n<div><strong>Acompanhe tamb\u00e9m o SE Not\u00edcias no <a href=\"https:\/\/twitter.com\/Senoticias\">Twitter<\/a>, <a href=\"https:\/\/www.facebook.com\/PortalSENoticias\/\">Facebook <\/a>e no <a href=\"https:\/\/www.instagram.com\/senoticias\/\">Instagram<\/a><\/strong><\/div>\n<div><em>Ag\u00eancia Sergipe de Not\u00edcias<\/em><\/div>\n","protected":false},"excerpt":{"rendered":"<p>O governador Jackson Barreto lan\u00e7ar\u00e1 nesta segunda-feira, 13, \u00e0s 9h, o Programa para Capacita\u00e7\u00e3o da Cadeia Produtiva do Turismo de Sergipe. A iniciativa \u00e9 coordenada pela Secretaria de Estado do Turismo. No evento, ser\u00e3o apresentados os cursos de capacita\u00e7\u00e3o que ser\u00e3o ofertados no \u00e2mbito do Programa de Desenvolvimento do Turismo (Prodetur\/SE) \u2013 programa de desenvolvimento [&hellip;]<\/p>\n","protected":false},"author":2,"featured_media":77562,"comment_status":"closed","ping_status":"closed","sticky":false,"template":"","format":"standard","meta":{"footnotes":""},"categories":[15,6],"tags":[2246,2247,2248],"class_list":{"0":"post-100509","1":"post","2":"type-post","3":"status-publish","4":"format-standard","5":"has-post-thumbnail","7":"category-destaques","8":"category-politica","9":"tag-fabio-henrique","10":"tag-secretario-de-estado-do-turismo","11":"tag-turismo-em-sergipe"},"_links":{"self":[{"href":"https:\/\/senoticias.com.br\/se\/wp-json\/wp\/v2\/posts\/100509"}],"collection":[{"href":"https:\/\/senoticias.com.br\/se\/wp-json\/wp\/v2\/posts"}],"about":[{"href":"https:\/\/senoticias.com.br\/se\/wp-json\/wp\/v2\/types\/post"}],"author":[{"embeddable":true,"href":"https:\/\/senoticias.com.br\/se\/wp-json\/wp\/v2\/users\/2"}],"replies":[{"embeddable":true,"href":"https:\/\/senoticias.com.br\/se\/wp-json\/wp\/v2\/comments?post=100509"}],"version-history":[{"count":0,"href":"https:\/\/senoticias.com.br\/se\/wp-json\/wp\/v2\/posts\/100509\/revisions"}],"wp:featuredmedia":[{"embeddable":true,"href":"https:\/\/senoticias.com.br\/se\/wp-json\/wp\/v2\/media\/77562"}],"wp:attachment":[{"href":"https:\/\/senoticias.com.br\/se\/wp-json\/wp\/v2\/media?parent=100509"}],"wp:term":[{"taxonomy":"category","embeddable":true,"href":"https:\/\/senoticias.com.br\/se\/wp-json\/wp\/v2\/categories?post=100509"},{"taxonomy":"post_tag","embeddable":true,"href":"https:\/\/senoticias.com.br\/se\/wp-json\/wp\/v2\/tags?post=100509"}],"curies":[{"name":"wp","href":"https:\/\/api.w.org\/{rel}","templated":true}]}}