{"id":100501,"date":"2017-02-10T18:14:09","date_gmt":"2017-02-10T21:14:09","guid":{"rendered":"http:\/\/senoticias.com.br\/se\/?p=100501"},"modified":"2017-02-10T18:14:09","modified_gmt":"2017-02-10T21:14:09","slug":"estudantes-tem-ate-esta-sexta-feira-para-se-inscrever-no-fies","status":"publish","type":"post","link":"https:\/\/senoticias.com.br\/se\/estudantes-tem-ate-esta-sexta-feira-para-se-inscrever-no-fies\/","title":{"rendered":"Estudantes t\u00eam at\u00e9 esta sexta-feira para se inscrever no Fies"},"content":{"rendered":"<p style=\"text-align: justify;\">Termina hoje (10) o prazo de inscri\u00e7\u00e3o no Fundo de Financiamento Estudantil (Fies). Para concorrer a uma das vagas, \u00e9 preciso acessar o <a href=\"http:\/\/fiesselecao.mec.gov.br\/\"><strong>site do programa<\/strong><\/a>. Nesta edi\u00e7\u00e3o, s\u00e3o ofertados 150 mil financiamentos. O resultado ser\u00e1 divulgado no dia 13.<\/p>\n<div id=\"attachment_82238\" style=\"width: 550px\" class=\"wp-caption aligncenter\"><img loading=\"lazy\" decoding=\"async\" aria-describedby=\"caption-attachment-82238\" class=\"size-full wp-image-82238\" src=\"http:\/\/senoticias.com.br\/se\/wp-content\/uploads\/2015\/07\/inscricoes-para-fies-comecam-na-proxima-semana540x304_92752aicitono_19r83vo0v1vqm172nfd11b1gt01b.jpg\" alt=\"O resultado ser\u00e1 divulgado no dia 13. (Foto: Divulga\u00e7\u00e3o \/Fies)\" width=\"540\" height=\"360\" srcset=\"https:\/\/senoticias.com.br\/se\/wp-content\/uploads\/2015\/07\/inscricoes-para-fies-comecam-na-proxima-semana540x304_92752aicitono_19r83vo0v1vqm172nfd11b1gt01b.jpg 540w, https:\/\/senoticias.com.br\/se\/wp-content\/uploads\/2015\/07\/inscricoes-para-fies-comecam-na-proxima-semana540x304_92752aicitono_19r83vo0v1vqm172nfd11b1gt01b-300x200.jpg 300w, https:\/\/senoticias.com.br\/se\/wp-content\/uploads\/2015\/07\/inscricoes-para-fies-comecam-na-proxima-semana540x304_92752aicitono_19r83vo0v1vqm172nfd11b1gt01b-342x228.jpg 342w\" sizes=\"(max-width: 540px) 100vw, 540px\" \/><p id=\"caption-attachment-82238\" class=\"wp-caption-text\">O resultado ser\u00e1 divulgado no dia 13. (Foto: Divulga\u00e7\u00e3o \/Fies)<\/p><\/div>\n<p style=\"text-align: justify;\">O Fies oferece financiamento a estudantes em cursos de institui\u00e7\u00f5es privadas de ensino superior. A taxa efetiva de juros do programa \u00e9 de 6,5% ao ano. O percentual de financiamento \u00e9 definido de acordo com o comprometimento da renda familiar mensal bruta per capita do estudante. O candidato deve ter renda familiar mensal de at\u00e9 tr\u00eas sal\u00e1rios m\u00ednimos por pessoa.<\/p>\n<p style=\"text-align: justify;\">Neste semestre, o governo reduziu o teto do financiamento aos estudantes. O limite mensal do Fies passou de R$ 7 mil para R$ 5 mil.<\/p>\n<p style=\"text-align: justify;\">A oferta de vagas do Fies d\u00e1 prioridade aos cursos de engenharias, forma\u00e7\u00e3o de professores e \u00e1reas de sa\u00fade. Al\u00e9m das \u00e1reas priorit\u00e1rias, o programa valoriza os cursos com melhores \u00edndices de qualidade em avalia\u00e7\u00f5es do Minist\u00e9rio da Educa\u00e7\u00e3o.<\/p>\n<p style=\"text-align: justify;\">Para participar \u00e9 preciso ter tirado pelo menos 450 pontos na m\u00e9dia das provas do (Enem) e n\u00e3o ter zerado a reda\u00e7\u00e3o.<\/p>\n<p style=\"text-align: justify;\"><strong>Acompanhe tamb\u00e9m o SE Not\u00edcias no <a href=\"https:\/\/twitter.com\/Senoticias\">Twitter<\/a>, <a href=\"https:\/\/www.facebook.com\/PortalSENoticias\/\">Facebook <\/a>e no <a href=\"https:\/\/www.instagram.com\/senoticias\/\">Instagram<\/a><\/strong><\/p>\n<p style=\"text-align: justify;\"><img loading=\"lazy\" decoding=\"async\" class=\"aligncenter size-full wp-image-100372\" src=\"http:\/\/senoticias.com.br\/se\/wp-content\/uploads\/2017\/02\/Logo-fone-1-2-1-2-2.jpg\" alt=\"Logo-fone-1-2-1-2\" width=\"599\" height=\"78\" srcset=\"https:\/\/senoticias.com.br\/se\/wp-content\/uploads\/2017\/02\/Logo-fone-1-2-1-2-2.jpg 599w, https:\/\/senoticias.com.br\/se\/wp-content\/uploads\/2017\/02\/Logo-fone-1-2-1-2-2-300x39.jpg 300w\" sizes=\"(max-width: 599px) 100vw, 599px\" \/><\/p>\n<p style=\"text-align: justify;\"><em>Da Ag\u00eancia Brasil<\/em><\/p>\n","protected":false},"excerpt":{"rendered":"<p>Termina hoje (10) o prazo de inscri\u00e7\u00e3o no Fundo de Financiamento Estudantil (Fies). Para concorrer a uma das vagas, \u00e9 preciso acessar o site do programa. Nesta edi\u00e7\u00e3o, s\u00e3o ofertados 150 mil financiamentos. O resultado ser\u00e1 divulgado no dia 13. O Fies oferece financiamento a estudantes em cursos de institui\u00e7\u00f5es privadas de ensino superior. A [&hellip;]<\/p>\n","protected":false},"author":2,"featured_media":0,"comment_status":"closed","ping_status":"closed","sticky":false,"template":"","format":"standard","meta":{"footnotes":""},"categories":[44],"tags":[],"class_list":{"0":"post-100501","1":"post","2":"type-post","3":"status-publish","4":"format-standard","6":"category-educacao"},"_links":{"self":[{"href":"https:\/\/senoticias.com.br\/se\/wp-json\/wp\/v2\/posts\/100501"}],"collection":[{"href":"https:\/\/senoticias.com.br\/se\/wp-json\/wp\/v2\/posts"}],"about":[{"href":"https:\/\/senoticias.com.br\/se\/wp-json\/wp\/v2\/types\/post"}],"author":[{"embeddable":true,"href":"https:\/\/senoticias.com.br\/se\/wp-json\/wp\/v2\/users\/2"}],"replies":[{"embeddable":true,"href":"https:\/\/senoticias.com.br\/se\/wp-json\/wp\/v2\/comments?post=100501"}],"version-history":[{"count":0,"href":"https:\/\/senoticias.com.br\/se\/wp-json\/wp\/v2\/posts\/100501\/revisions"}],"wp:attachment":[{"href":"https:\/\/senoticias.com.br\/se\/wp-json\/wp\/v2\/media?parent=100501"}],"wp:term":[{"taxonomy":"category","embeddable":true,"href":"https:\/\/senoticias.com.br\/se\/wp-json\/wp\/v2\/categories?post=100501"},{"taxonomy":"post_tag","embeddable":true,"href":"https:\/\/senoticias.com.br\/se\/wp-json\/wp\/v2\/tags?post=100501"}],"curies":[{"name":"wp","href":"https:\/\/api.w.org\/{rel}","templated":true}]}}