{"id":100490,"date":"2017-02-10T20:51:22","date_gmt":"2017-02-10T23:51:22","guid":{"rendered":"http:\/\/senoticias.com.br\/se\/?p=100490"},"modified":"2017-02-12T09:57:53","modified_gmt":"2017-02-12T12:57:53","slug":"tres-suspeitos-de-diversos-crimes-na-grande-aracaju-morrem-em-confronto-com-o-cope","status":"publish","type":"post","link":"https:\/\/senoticias.com.br\/se\/tres-suspeitos-de-diversos-crimes-na-grande-aracaju-morrem-em-confronto-com-o-cope\/","title":{"rendered":"Tr\u00eas suspeitos de diversos crimes na Grande Aracaju morrem em confronto com policiais do Cope"},"content":{"rendered":"<p style=\"text-align: justify;\">A Secretaria de Seguran\u00e7a P\u00fablica de Sergipe, por meio do Complexo de Opera\u00e7\u00f5es Policiais Especais da Pol\u00edcia Civil (Cope), realizar\u00e1 \u00e0s 8h30min desta segunda-feira, 13, na sede do Cope, uma coletiva \u00e0 imprensa para detalhar uma opera\u00e7\u00e3o realizada nesta sexta-feira, 10, que resultou na desarticula\u00e7\u00e3o de uma associa\u00e7\u00e3o criminosa envolvida em diversos crimes, como tr\u00e1fico de drogas, roubos e homic\u00eddios, na Grande Aracaju.<\/p>\n<div id=\"attachment_100507\" style=\"width: 609px\" class=\"wp-caption aligncenter\"><img loading=\"lazy\" decoding=\"async\" aria-describedby=\"caption-attachment-100507\" class=\"size-full wp-image-100507\" src=\"http:\/\/senoticias.com.br\/se\/wp-content\/uploads\/2017\/02\/DELEGADA-MAYRA-MOINHOS-SENOTICIAS-e1486771122742.jpg\" alt=\"Delegada Mayra Moinhos conceder\u00e1 coletiva ocorrer\u00e1 \u00e0s 10h desta segunda-feira, 13, na sede do Cope\" width=\"599\" height=\"399\" \/><p id=\"caption-attachment-100507\" class=\"wp-caption-text\">Delegada Mayra Moinhos conceder\u00e1 coletiva \u00e0s 10h desta segunda-feira, 13, no Cope. (Foto: SSP\/SE)<\/p><\/div>\n<p style=\"text-align: justify;\">Na ocasi\u00e3o, a delegada Mayra Fernanda Moinhos, do Cope, dar\u00e1 mais informa\u00e7\u00f5es sobre as investiga\u00e7\u00f5es e tamb\u00e9m da a\u00e7\u00e3o que resultou na pris\u00e3o de tr\u00eas integrantes da associa\u00e7\u00e3o, na morte de outros tr\u00eas indiv\u00edduos em confronto com os policiais, e na apreens\u00e3o de armas de fogo, drogas e produtos oriundos dos assaltos cometidos pelo grupo.<\/p>\n<p>Servi\u00e7o<\/p>\n<p style=\"text-align: justify;\"><strong>O que?<\/strong> Pol\u00edcia Civil desarticula associa\u00e7\u00e3o criminosa envolvida em diversos crimes na Grande Aracaju.<br \/>\n<strong>Quando?<\/strong> Nesta segunda-feira, 13, \u00e0s 8h30.<br \/>\n<strong>Onde?<\/strong> Complexo de Opera\u00e7\u00f5es Policiais Especiais (Cope), situado na Avenida Tancredo Neves, 7501, bairro Capucho, Aracaju.<\/p>\n<p style=\"text-align: justify;\"><img loading=\"lazy\" decoding=\"async\" class=\"aligncenter size-full wp-image-100372\" src=\"http:\/\/senoticias.com.br\/se\/wp-content\/uploads\/2017\/02\/Logo-fone-1-2-1-2-2.jpg\" alt=\"Logo-fone-1-2-1-2\" width=\"599\" height=\"78\" srcset=\"https:\/\/senoticias.com.br\/se\/wp-content\/uploads\/2017\/02\/Logo-fone-1-2-1-2-2.jpg 599w, https:\/\/senoticias.com.br\/se\/wp-content\/uploads\/2017\/02\/Logo-fone-1-2-1-2-2-300x39.jpg 300w\" sizes=\"(max-width: 599px) 100vw, 599px\" \/><\/p>\n<p style=\"text-align: justify;\"><em><strong>Acompanhe tamb\u00e9m o SE Not\u00edcias no <a href=\"https:\/\/twitter.com\/Senoticias\">Twitter<\/a>, <a href=\"https:\/\/www.facebook.com\/PortalSENoticias\/\">Facebook <\/a>e no <a href=\"https:\/\/www.instagram.com\/senoticias\/\">Instagram<\/a><\/strong><\/em><\/p>\n<p><em>Assessoria de Comunica\u00e7\u00e3o<\/em><br \/>\n<em> Secretaria de Estado da Seguran\u00e7a P\u00fablica<\/em><\/p>\n","protected":false},"excerpt":{"rendered":"<p>A Secretaria de Seguran\u00e7a P\u00fablica de Sergipe, por meio do Complexo de Opera\u00e7\u00f5es Policiais Especais da Pol\u00edcia Civil (Cope), realizar\u00e1 \u00e0s 8h30min desta segunda-feira, 13, na sede do Cope, uma coletiva \u00e0 imprensa para detalhar uma opera\u00e7\u00e3o realizada nesta sexta-feira, 10, que resultou na desarticula\u00e7\u00e3o de uma associa\u00e7\u00e3o criminosa envolvida em diversos crimes, como tr\u00e1fico [&hellip;]<\/p>\n","protected":false},"author":2,"featured_media":100507,"comment_status":"closed","ping_status":"closed","sticky":false,"template":"","format":"standard","meta":{"footnotes":""},"categories":[15,7],"tags":[],"class_list":{"0":"post-100490","1":"post","2":"type-post","3":"status-publish","4":"format-standard","5":"has-post-thumbnail","7":"category-destaques","8":"category-policia"},"_links":{"self":[{"href":"https:\/\/senoticias.com.br\/se\/wp-json\/wp\/v2\/posts\/100490"}],"collection":[{"href":"https:\/\/senoticias.com.br\/se\/wp-json\/wp\/v2\/posts"}],"about":[{"href":"https:\/\/senoticias.com.br\/se\/wp-json\/wp\/v2\/types\/post"}],"author":[{"embeddable":true,"href":"https:\/\/senoticias.com.br\/se\/wp-json\/wp\/v2\/users\/2"}],"replies":[{"embeddable":true,"href":"https:\/\/senoticias.com.br\/se\/wp-json\/wp\/v2\/comments?post=100490"}],"version-history":[{"count":0,"href":"https:\/\/senoticias.com.br\/se\/wp-json\/wp\/v2\/posts\/100490\/revisions"}],"wp:featuredmedia":[{"embeddable":true,"href":"https:\/\/senoticias.com.br\/se\/wp-json\/wp\/v2\/media\/100507"}],"wp:attachment":[{"href":"https:\/\/senoticias.com.br\/se\/wp-json\/wp\/v2\/media?parent=100490"}],"wp:term":[{"taxonomy":"category","embeddable":true,"href":"https:\/\/senoticias.com.br\/se\/wp-json\/wp\/v2\/categories?post=100490"},{"taxonomy":"post_tag","embeddable":true,"href":"https:\/\/senoticias.com.br\/se\/wp-json\/wp\/v2\/tags?post=100490"}],"curies":[{"name":"wp","href":"https:\/\/api.w.org\/{rel}","templated":true}]}}