{"id":100484,"date":"2017-02-10T12:11:06","date_gmt":"2017-02-10T15:11:06","guid":{"rendered":"http:\/\/senoticias.com.br\/se\/?p=100484"},"modified":"2017-02-10T12:22:42","modified_gmt":"2017-02-10T15:22:42","slug":"assembleia-legislativa-lamenta-falecimento-do-ex-vereador-abrahao-crispim-de-souza","status":"publish","type":"post","link":"https:\/\/senoticias.com.br\/se\/assembleia-legislativa-lamenta-falecimento-do-ex-vereador-abrahao-crispim-de-souza\/","title":{"rendered":"Assembleia Legislativa lamenta falecimento do ex-vereador Abrah\u00e3o Crispim de Souza"},"content":{"rendered":"<div id=\"attachment_100485\" style=\"width: 280px\" class=\"wp-caption alignright\"><img loading=\"lazy\" decoding=\"async\" aria-describedby=\"caption-attachment-100485\" class=\"size-full wp-image-100485\" src=\"http:\/\/senoticias.com.br\/se\/wp-content\/uploads\/2017\/02\/Abrao-Crispim-com-o-filho-SE-NOTICIAS.jpg\" alt=\"Com o filho (tamb\u00e9m jornalista), que herdou o seu nome. Foto Divulga\u00e7\u00e3o\" width=\"270\" height=\"209\" srcset=\"https:\/\/senoticias.com.br\/se\/wp-content\/uploads\/2017\/02\/Abrao-Crispim-com-o-filho-SE-NOTICIAS.jpg 270w, https:\/\/senoticias.com.br\/se\/wp-content\/uploads\/2017\/02\/Abrao-Crispim-com-o-filho-SE-NOTICIAS-45x35.jpg 45w\" sizes=\"(max-width: 270px) 100vw, 270px\" \/><p id=\"caption-attachment-100485\" class=\"wp-caption-text\">Com o filho (tamb\u00e9m jornalista), que herdou o seu nome. (Foto Divulga\u00e7\u00e3o)<\/p><\/div>\n<p style=\"text-align: justify;\">O ex-vereador por Aracaju, Abrah\u00e3o Crispim de Souza (PT), 70, faleceu nesta sexta-feia, 10, enquanto dormia. Desde 2014 vinha lutando contra problemas de sa\u00fade, a exemplo de trombose e aneurisma na perna esquerda, arritmia card\u00edaca e um v\u00edrus no olho, tendo passado por v\u00e1rias cirurgia, ap\u00f3s um acidente de carro. A Assembleia Legislativa de Sergipe lamenta e presta condol\u00eancias aos familiares.<\/p>\n<p style=\"text-align: justify;\">Abrah\u00e3o Crispim sofreu um acidente vascular cerebral (AVC), \u00a0h\u00e1 cerca de tr\u00eas anos e l\u00e1 para c\u00e1 ele foi submetido a tr\u00eas cirurgias no cr\u00e2nio e se mantinha em casa se recuperando.\u00a0Era cirurgi\u00e3o-dentista, jornalista, banc\u00e1rio (ex-presidente do Sindicato dos Banc\u00e1rios de Sergipe) e imortal da Academia Itabaianense de Letras. Atuou como vereador de Aracaju e assessor parlamentar na Assembleia Legislativa de Sergipe. Mas ficou conhecido pela sua luta em movimentos sociais.<\/p>\n<p style=\"text-align: justify;\"><strong>Relembre<\/strong><\/p>\n<p style=\"text-align: justify;\">Abrah\u00e3o Crispim de Souza, jornalista, odont\u00f3logo de forma\u00e7\u00e3o e um dos principais nomes do jornal O SERRANO, em Itabaiana, sua terra natal. Foi organizador\u00a0dos livros Costumes de minha aldeia e outros escritos e Versomania, ambos de seu pai Jos\u00e9 Crispim de Souza. Em 2015, recebeu o T\u00edtulo de Cidad\u00e3o Sergipano, por meio de propositura da ent\u00e3o vereadora Rivanda Farias.<\/p>\n<p style=\"text-align: justify;\">\u00c9 pai do jornalista Abrah\u00e3o Crispim Filho e esposo da enfermeira Rossilar Diana Oliveira Crispim de Souza.\u00a0O vel\u00f3rio acontece na C\u00e2mara Municipal de Aracaju e o sepultamento ser\u00e1 \u00e0s 17h desta sexta-feira, no Cemit\u00e9rio Colina da Saudade (conjunto Santa L\u00facia), em Aracaju.<\/p>\n<p style=\"text-align: justify;\"><img loading=\"lazy\" decoding=\"async\" class=\"aligncenter size-full wp-image-100372\" src=\"http:\/\/senoticias.com.br\/se\/wp-content\/uploads\/2017\/02\/Logo-fone-1-2-1-2-2.jpg\" alt=\"Logo-fone-1-2-1-2\" width=\"599\" height=\"78\" srcset=\"https:\/\/senoticias.com.br\/se\/wp-content\/uploads\/2017\/02\/Logo-fone-1-2-1-2-2.jpg 599w, https:\/\/senoticias.com.br\/se\/wp-content\/uploads\/2017\/02\/Logo-fone-1-2-1-2-2-300x39.jpg 300w\" sizes=\"(max-width: 599px) 100vw, 599px\" \/><\/p>\n<p style=\"text-align: justify;\"><strong>Acompanhe tamb\u00e9m o SE Not\u00edcias no <a href=\"https:\/\/twitter.com\/Senoticias\">Twitter<\/a>, <a href=\"https:\/\/www.facebook.com\/PortalSENoticias\/\">Facebook <\/a>e no <a href=\"https:\/\/www.instagram.com\/senoticias\/\">Instagram<\/a><\/strong><\/p>\n<p><em>Por Ag\u00eancia de Not\u00edcias Alese<\/em><\/p>\n","protected":false},"excerpt":{"rendered":"<p>O ex-vereador por Aracaju, Abrah\u00e3o Crispim de Souza (PT), 70, faleceu nesta sexta-feia, 10, enquanto dormia. Desde 2014 vinha lutando contra problemas de sa\u00fade, a exemplo de trombose e aneurisma na perna esquerda, arritmia card\u00edaca e um v\u00edrus no olho, tendo passado por v\u00e1rias cirurgia, ap\u00f3s um acidente de carro. A Assembleia Legislativa de Sergipe [&hellip;]<\/p>\n","protected":false},"author":2,"featured_media":100485,"comment_status":"closed","ping_status":"closed","sticky":false,"template":"","format":"standard","meta":{"footnotes":""},"categories":[6],"tags":[],"class_list":{"0":"post-100484","1":"post","2":"type-post","3":"status-publish","4":"format-standard","5":"has-post-thumbnail","7":"category-politica"},"_links":{"self":[{"href":"https:\/\/senoticias.com.br\/se\/wp-json\/wp\/v2\/posts\/100484"}],"collection":[{"href":"https:\/\/senoticias.com.br\/se\/wp-json\/wp\/v2\/posts"}],"about":[{"href":"https:\/\/senoticias.com.br\/se\/wp-json\/wp\/v2\/types\/post"}],"author":[{"embeddable":true,"href":"https:\/\/senoticias.com.br\/se\/wp-json\/wp\/v2\/users\/2"}],"replies":[{"embeddable":true,"href":"https:\/\/senoticias.com.br\/se\/wp-json\/wp\/v2\/comments?post=100484"}],"version-history":[{"count":0,"href":"https:\/\/senoticias.com.br\/se\/wp-json\/wp\/v2\/posts\/100484\/revisions"}],"wp:featuredmedia":[{"embeddable":true,"href":"https:\/\/senoticias.com.br\/se\/wp-json\/wp\/v2\/media\/100485"}],"wp:attachment":[{"href":"https:\/\/senoticias.com.br\/se\/wp-json\/wp\/v2\/media?parent=100484"}],"wp:term":[{"taxonomy":"category","embeddable":true,"href":"https:\/\/senoticias.com.br\/se\/wp-json\/wp\/v2\/categories?post=100484"},{"taxonomy":"post_tag","embeddable":true,"href":"https:\/\/senoticias.com.br\/se\/wp-json\/wp\/v2\/tags?post=100484"}],"curies":[{"name":"wp","href":"https:\/\/api.w.org\/{rel}","templated":true}]}}