{"id":100423,"date":"2017-02-09T07:58:32","date_gmt":"2017-02-09T10:58:32","guid":{"rendered":"http:\/\/senoticias.com.br\/se\/?p=100423"},"modified":"2017-02-09T07:58:32","modified_gmt":"2017-02-09T10:58:32","slug":"salvador-servidor-da-prefeitura-de-vai-ganhar-folga-mensal-se-for-ao-trabalho-de-bicicleta","status":"publish","type":"post","link":"https:\/\/senoticias.com.br\/se\/salvador-servidor-da-prefeitura-de-vai-ganhar-folga-mensal-se-for-ao-trabalho-de-bicicleta\/","title":{"rendered":"Salvador:  Servidor da prefeitura de vai ganhar folga mensal se for ao trabalho de bicicleta"},"content":{"rendered":"<p>&nbsp;<\/p>\n<p style=\"text-align: justify;\">\n<div id=\"attachment_100424\" style=\"width: 390px\" class=\"wp-caption alignright\"><img loading=\"lazy\" decoding=\"async\" aria-describedby=\"caption-attachment-100424\" class=\"size-full wp-image-100424\" src=\"http:\/\/senoticias.com.br\/se\/wp-content\/uploads\/2017\/02\/Byke-Salvaor-SENOTICIAS.jpg\" alt=\"Funcion\u00e1rios da prefeitura que pedalarem at\u00e9 o trabalho ganhar\u00e3o folga mensal. (Foto: Bike Anjo Salvador)\" width=\"380\" height=\"280\" srcset=\"https:\/\/senoticias.com.br\/se\/wp-content\/uploads\/2017\/02\/Byke-Salvaor-SENOTICIAS.jpg 380w, https:\/\/senoticias.com.br\/se\/wp-content\/uploads\/2017\/02\/Byke-Salvaor-SENOTICIAS-300x221.jpg 300w\" sizes=\"(max-width: 380px) 100vw, 380px\" \/><p id=\"caption-attachment-100424\" class=\"wp-caption-text\">Funcion\u00e1rios da prefeitura que pedalarem at\u00e9 o trabalho ganhar\u00e3o folga mensal. (Foto: Bike Anjo Salvador)<\/p><\/div>\n<p style=\"text-align: justify;\">Os funcion\u00e1rios da Secretaria de Cidade Sustent\u00e1vel e Inova\u00e7\u00e3o de Salvador que quiserem garantir uma folga durante o m\u00eas n\u00e3o v\u00e3o mais precisar negociar horas com a chefia. A partir desta quinta-feira (9), que \u00e9 quando a portaria ser\u00e1 publicada no Di\u00e1rio Oficial do Munic\u00edpio (DOM), aqueles que usarem a bicicleta como meio de transporte at\u00e9 o trabalho por 15 dias ter\u00e3o direito a um dia sem expediente no m\u00eas em quest\u00e3o.<\/p>\n<p style=\"text-align: justify;\">A medida foi confirmada pelo secret\u00e1rio da pasta, Andr\u00e9 Fraga. \u201cA gente j\u00e1 viu isso em algumas cidades do mundo, algumas empresas, alguns comerciantes que d\u00e3o desconto pra quem vai de bicicleta\u201d, conta o gestor sobre a inspira\u00e7\u00e3o. No in\u00edcio, a proposta ser\u00e1 implantada em fase de teste para avaliar a ader\u00eancia dos servidores e tamb\u00e9m a melhor forma de promover essa compensa\u00e7\u00e3o.<\/p>\n<p style=\"text-align: justify;\">As folgas, inclusive, ser\u00e3o ajustas pela secretaria para que n\u00e3o haja sobreposi\u00e7\u00e3o de faltas num mesmo dia e isso afete o funcionamento da pasta. Para o secret\u00e1rio, que admite pedalar por cerca de 20km \u2013 da sua resid\u00eancia em Stella Maris at\u00e9 uma unidade da Secis, no Parque da Cidade \u2013 ao menos uma vez por semana, defende que isso \u00e9 um incentivo, al\u00e9m de atender a tr\u00eas medidas importantes para a popula\u00e7\u00e3o de Salvador. \u201cAtende ao conceito de tirar um carro da rua e um outro benef\u00edcio do servidor pedalando \u00e9 que ele vai deixar uma vida sedent\u00e1ria, o que tira parte da press\u00e3o sobre o sistema de sa\u00fade\u201d, destaca Fraga.<\/p>\n<p>O terceiro fator a ser beneficiado com a medida, como o secret\u00e1rio pontua, \u00e9 a menor emiss\u00e3o de poluentes, o menor volume de gases do efeito estufa a partir da diminui\u00e7\u00e3o do n\u00famero de ve\u00edculos no tr\u00e1fego.<\/p>\n<p><img loading=\"lazy\" decoding=\"async\" class=\"aligncenter size-full wp-image-100372\" src=\"http:\/\/senoticias.com.br\/se\/wp-content\/uploads\/2017\/02\/Logo-fone-1-2-1-2-2.jpg\" alt=\"Logo-fone-1-2-1-2\" width=\"599\" height=\"78\" srcset=\"https:\/\/senoticias.com.br\/se\/wp-content\/uploads\/2017\/02\/Logo-fone-1-2-1-2-2.jpg 599w, https:\/\/senoticias.com.br\/se\/wp-content\/uploads\/2017\/02\/Logo-fone-1-2-1-2-2-300x39.jpg 300w\" sizes=\"(max-width: 599px) 100vw, 599px\" \/><\/p>\n<p><strong>Acompanhe tamb\u00e9m o SE Not\u00edcias no <a href=\"https:\/\/twitter.com\/Senoticias\">Twitter<\/a>, <a href=\"https:\/\/www.facebook.com\/PortalSENoticias\/\">Facebook <\/a>e no <a href=\"https:\/\/www.instagram.com\/senoticias\/\">Instagram<\/a><\/strong><\/p>\n<p><em>Informa\u00e7\u00f5es do <a href=\"http:\/\/www.bahianoticias.com.br\/noticia\/202694-funcionarios-da-prefeitura-que-pedalarem-ate-o-trabalho-ganharao-folga-mensal.html?utm_source=dlvr.it&amp;utm_medium=twitter\">Bahia<\/a> Not\u00edcias<\/em><\/p>\n<p>&nbsp;<\/p>\n","protected":false},"excerpt":{"rendered":"<p>&nbsp; Os funcion\u00e1rios da Secretaria de Cidade Sustent\u00e1vel e Inova\u00e7\u00e3o de Salvador que quiserem garantir uma folga durante o m\u00eas n\u00e3o v\u00e3o mais precisar negociar horas com a chefia. A partir desta quinta-feira (9), que \u00e9 quando a portaria ser\u00e1 publicada no Di\u00e1rio Oficial do Munic\u00edpio (DOM), aqueles que usarem a bicicleta como meio de [&hellip;]<\/p>\n","protected":false},"author":2,"featured_media":100424,"comment_status":"closed","ping_status":"closed","sticky":false,"template":"","format":"standard","meta":{"footnotes":""},"categories":[8],"tags":[],"class_list":{"0":"post-100423","1":"post","2":"type-post","3":"status-publish","4":"format-standard","5":"has-post-thumbnail","7":"category-esporte-e-cultura"},"_links":{"self":[{"href":"https:\/\/senoticias.com.br\/se\/wp-json\/wp\/v2\/posts\/100423"}],"collection":[{"href":"https:\/\/senoticias.com.br\/se\/wp-json\/wp\/v2\/posts"}],"about":[{"href":"https:\/\/senoticias.com.br\/se\/wp-json\/wp\/v2\/types\/post"}],"author":[{"embeddable":true,"href":"https:\/\/senoticias.com.br\/se\/wp-json\/wp\/v2\/users\/2"}],"replies":[{"embeddable":true,"href":"https:\/\/senoticias.com.br\/se\/wp-json\/wp\/v2\/comments?post=100423"}],"version-history":[{"count":0,"href":"https:\/\/senoticias.com.br\/se\/wp-json\/wp\/v2\/posts\/100423\/revisions"}],"wp:featuredmedia":[{"embeddable":true,"href":"https:\/\/senoticias.com.br\/se\/wp-json\/wp\/v2\/media\/100424"}],"wp:attachment":[{"href":"https:\/\/senoticias.com.br\/se\/wp-json\/wp\/v2\/media?parent=100423"}],"wp:term":[{"taxonomy":"category","embeddable":true,"href":"https:\/\/senoticias.com.br\/se\/wp-json\/wp\/v2\/categories?post=100423"},{"taxonomy":"post_tag","embeddable":true,"href":"https:\/\/senoticias.com.br\/se\/wp-json\/wp\/v2\/tags?post=100423"}],"curies":[{"name":"wp","href":"https:\/\/api.w.org\/{rel}","templated":true}]}}