{"id":100419,"date":"2017-02-09T07:24:02","date_gmt":"2017-02-09T10:24:02","guid":{"rendered":"http:\/\/senoticias.com.br\/se\/?p=100419"},"modified":"2017-02-09T07:24:02","modified_gmt":"2017-02-09T10:24:02","slug":"ha-corrupcao-no-vaticano-mas-estou-em-paz-afirma-o-papa","status":"publish","type":"post","link":"https:\/\/senoticias.com.br\/se\/ha-corrupcao-no-vaticano-mas-estou-em-paz-afirma-o-papa\/","title":{"rendered":"\u201cH\u00e1 corrup\u00e7\u00e3o no Vaticano, mas estou em paz\u201d, afirma o papa"},"content":{"rendered":"<p style=\"text-align: justify;\">O papa Francisco admitiu que existe corrup\u00e7\u00e3o no Vaticano, mas que aprendeu a encarar os problemas com &#8220;serenidade e viver em paz&#8221;, de acordo com uma reportagem publicada hoje (9) pelo jornal Corriere della Sera.<\/p>\n<div id=\"attachment_100420\" style=\"width: 609px\" class=\"wp-caption aligncenter\"><img loading=\"lazy\" decoding=\"async\" aria-describedby=\"caption-attachment-100420\" class=\"size-full wp-image-100420\" src=\"http:\/\/senoticias.com.br\/se\/wp-content\/uploads\/2017\/02\/SENot\u00edcias-05085109.jpg\" alt=\"O papa Francisco condenou a corrup\u00e7\u00e3o e abusos sexuais (Foto: Ag\u00eancia Lusa\/EPA\/Giuseppe Lami\/Direitos Reservados) \" width=\"599\" height=\"401\" srcset=\"https:\/\/senoticias.com.br\/se\/wp-content\/uploads\/2017\/02\/SENot\u00edcias-05085109.jpg 599w, https:\/\/senoticias.com.br\/se\/wp-content\/uploads\/2017\/02\/SENot\u00edcias-05085109-300x201.jpg 300w, https:\/\/senoticias.com.br\/se\/wp-content\/uploads\/2017\/02\/SENot\u00edcias-05085109-90x60.jpg 90w, https:\/\/senoticias.com.br\/se\/wp-content\/uploads\/2017\/02\/SENot\u00edcias-05085109-180x120.jpg 180w, https:\/\/senoticias.com.br\/se\/wp-content\/uploads\/2017\/02\/SENot\u00edcias-05085109-95x64.jpg 95w\" sizes=\"(max-width: 599px) 100vw, 599px\" \/><p id=\"caption-attachment-100420\" class=\"wp-caption-text\">O papa Francisco condenou a corrup\u00e7\u00e3o e abusos sexuais (Foto: Ag\u00eancia Lusa\/EPA\/Giuseppe Lami\/Direitos Reservados)<\/p><\/div>\n<p style=\"text-align: justify;\">&#8220;Existe corrup\u00e7\u00e3o no Vaticano, mas eu estou em paz&#8221;, disse ele em 25 de novembro de 2016, durante um encontro com representantes de ordens religiosas, e cujos detalhes foram narrados pelo padre Antonio Spadaro na nova edi\u00e7\u00e3o da revista La Civilt\u00e0 Cattolica. As informa\u00e7\u00f5es s\u00e3o da ag\u00eancia de not\u00edcias Ansa.<\/p>\n<p style=\"text-align: justify;\">&#8220;Qual \u00e9 o segredo da minha serenidade? N\u00e3o tomo rem\u00e9dios tranquilizantes. Os italianos sempre d\u00e3o um belo conselho: para viver em paz, precisa um pouco de indiferen\u00e7a. Eu n\u00e3o tenho problema em dizer que estou vivendo uma experi\u00eancia. Em Buenos Aires, era mais ansioso, mais preocupado. Hoje vivo uma profunda paz, n\u00e3o sei explicar&#8221;, contou.<\/p>\n<p style=\"text-align: justify;\">De acordo com o papa, os cardeais e membros da c\u00faria sabem dos problemas internos do Vaticano e &#8220;todos queriam reformas&#8221; no \u00faltimo conclave. &#8220;Nas congrega\u00e7\u00f5es gerais antes do conclave que me elegeu, falavam dos problemas do Vaticano e todos queriam reformas&#8221;, disse. &#8220;Mas se h\u00e1 algum problema, eu escrevo um bilhete a S\u00e3o Jos\u00e9 e coloco embaixo de uma est\u00e1tua no meu quarto, uma est\u00e1tua de S\u00e3o Jos\u00e9 dormindo. Ele dorme em cima dos meus bilhetes e eu durmo tranquilo&#8221;, afirmou.<\/p>\n<p style=\"text-align: justify;\"><strong>Abusos sexuais<\/strong><\/p>\n<p style=\"text-align: justify;\">Questionado sobre os esc\u00e2ndalos de abusos sexuais dentro da Igreja Cat\u00f3lica, o papa disse que a &#8220;dissemina\u00e7\u00e3o dos abusos \u00e9 devastante&#8221;, mas que o caso precisa ser visto como uma doen\u00e7a&#8221;.<\/p>\n<p style=\"text-align: justify;\">&#8220;Se h\u00e1 religiosos envolvidos, \u00e9 claro que est\u00e1 em a\u00e7\u00e3o o diabo que estraga a obra de Jesus atrav\u00e9s de quem deveria, justamente, anunciar Jesus. Mas vamos falar a verdade: isso \u00e9 uma doen\u00e7a. Enquanto n\u00e3o nos convencermos de que isso \u00e9 uma doen\u00e7a, n\u00e3o se poder\u00e1 resolver bem o problema&#8221;, comentou.<\/p>\n<p style=\"text-align: justify;\">Segundo ele, &#8220;a cada quatro pessoas que praticam abusos sexuais, duas j\u00e1 tinham sido v\u00edtimas&#8221;. &#8220;O abuso \u00e9 disseminado pelo futuro, \u00e9 devastante&#8221;, citou, sem especificar a origem dos dados.<\/p>\n<p style=\"text-align: justify;\">O papa Francisco prop\u00f4s como uma das solu\u00e7\u00f5es rejeitar candidatos a semin\u00e1rios que tenham algum ponto comprometedor em seu hist\u00f3rico de vida e acad\u00eamico. &#8220;Por exemplo, nunca receber na vida religiosa ou em uma diocese candidatos que tenham sido reprovados por outros semin\u00e1rios ou por um instituto. \u00c9 preciso pedir informa\u00e7\u00f5es muito claras e detalhadas sobre os motivos de sua reprova\u00e7\u00e3o&#8221;, afirmou.<\/p>\n<p style=\"text-align: justify;\">No in\u00edcio da semana, uma comiss\u00e3o &#8211; criada pelo governo da Austr\u00e1lia &#8211; divulgou um relat\u00f3rio in\u00e9dito sobre casos de pedofilia no pa\u00eds que aponta que 7% dos sacerdotes cat\u00f3licos locais foram acusados de abusos desde os anos 1950.<\/p>\n<p style=\"text-align: justify;\">O Vaticano, que possui regulamenta\u00e7\u00f5es pr\u00f3prias e leis internas para lidar contra a pedofilia e a corrup\u00e7\u00e3o, tamb\u00e9m j\u00e1 foi citado pelas Na\u00e7\u00f5es Unidas a prestar esclarecimentos. Em setembro de 2016, a Santa S\u00e9 aderiu \u00e0 conven\u00e7\u00e3o da Organiza\u00e7\u00e3o das Na\u00e7\u00f5es Unidas (ONU) contra a corrup\u00e7\u00e3o.<\/p>\n<p style=\"text-align: justify;\">\n<strong>Acompanhe tamb\u00e9m o SE Not\u00edcias no <a href=\"https:\/\/twitter.com\/Senoticias\">Twitter<\/a>, <a href=\"https:\/\/www.facebook.com\/PortalSENoticias\/\">Facebook <\/a>e no <a href=\"https:\/\/www.instagram.com\/senoticias\/\">Instagram<\/a><\/strong><\/p>\n<p style=\"text-align: justify;\"><img loading=\"lazy\" decoding=\"async\" class=\"aligncenter size-full wp-image-100372\" src=\"http:\/\/senoticias.com.br\/se\/wp-content\/uploads\/2017\/02\/Logo-fone-1-2-1-2-2.jpg\" alt=\"Logo-fone-1-2-1-2\" width=\"599\" height=\"78\" srcset=\"https:\/\/senoticias.com.br\/se\/wp-content\/uploads\/2017\/02\/Logo-fone-1-2-1-2-2.jpg 599w, https:\/\/senoticias.com.br\/se\/wp-content\/uploads\/2017\/02\/Logo-fone-1-2-1-2-2-300x39.jpg 300w\" sizes=\"(max-width: 599px) 100vw, 599px\" \/><\/p>\n<p style=\"text-align: justify;\"><em>Da Ag\u00eancia Brasil<\/em><\/p>\n","protected":false},"excerpt":{"rendered":"<p>O papa Francisco admitiu que existe corrup\u00e7\u00e3o no Vaticano, mas que aprendeu a encarar os problemas com &#8220;serenidade e viver em paz&#8221;, de acordo com uma reportagem publicada hoje (9) pelo jornal Corriere della Sera. &#8220;Existe corrup\u00e7\u00e3o no Vaticano, mas eu estou em paz&#8221;, disse ele em 25 de novembro de 2016, durante um encontro [&hellip;]<\/p>\n","protected":false},"author":2,"featured_media":100420,"comment_status":"closed","ping_status":"closed","sticky":false,"template":"","format":"standard","meta":{"footnotes":""},"categories":[46],"tags":[],"class_list":{"0":"post-100419","1":"post","2":"type-post","3":"status-publish","4":"format-standard","5":"has-post-thumbnail","7":"category-religiao"},"_links":{"self":[{"href":"https:\/\/senoticias.com.br\/se\/wp-json\/wp\/v2\/posts\/100419"}],"collection":[{"href":"https:\/\/senoticias.com.br\/se\/wp-json\/wp\/v2\/posts"}],"about":[{"href":"https:\/\/senoticias.com.br\/se\/wp-json\/wp\/v2\/types\/post"}],"author":[{"embeddable":true,"href":"https:\/\/senoticias.com.br\/se\/wp-json\/wp\/v2\/users\/2"}],"replies":[{"embeddable":true,"href":"https:\/\/senoticias.com.br\/se\/wp-json\/wp\/v2\/comments?post=100419"}],"version-history":[{"count":0,"href":"https:\/\/senoticias.com.br\/se\/wp-json\/wp\/v2\/posts\/100419\/revisions"}],"wp:featuredmedia":[{"embeddable":true,"href":"https:\/\/senoticias.com.br\/se\/wp-json\/wp\/v2\/media\/100420"}],"wp:attachment":[{"href":"https:\/\/senoticias.com.br\/se\/wp-json\/wp\/v2\/media?parent=100419"}],"wp:term":[{"taxonomy":"category","embeddable":true,"href":"https:\/\/senoticias.com.br\/se\/wp-json\/wp\/v2\/categories?post=100419"},{"taxonomy":"post_tag","embeddable":true,"href":"https:\/\/senoticias.com.br\/se\/wp-json\/wp\/v2\/tags?post=100419"}],"curies":[{"name":"wp","href":"https:\/\/api.w.org\/{rel}","templated":true}]}}