{"id":100417,"date":"2017-02-09T06:55:11","date_gmt":"2017-02-09T09:55:11","guid":{"rendered":"http:\/\/senoticias.com.br\/se\/?p=100417"},"modified":"2017-02-09T06:57:31","modified_gmt":"2017-02-09T09:57:31","slug":"ministerio-da-saude-vai-ampliar-oferta-de-vacina-contra-influenza-em-2018","status":"publish","type":"post","link":"https:\/\/senoticias.com.br\/se\/ministerio-da-saude-vai-ampliar-oferta-de-vacina-contra-influenza-em-2018\/","title":{"rendered":"Minist\u00e9rio da Sa\u00fade vai ampliar oferta de vacina contra influenza em 2018"},"content":{"rendered":"<p style=\"text-align: justify;\">O Minist\u00e9rio da Sa\u00fade vai ampliar a oferta da vacina contra influenza em 2018: de 60 milh\u00f5es de doses anuais para 80 milh\u00f5es. &#8220;Evidentemente haver\u00e1 uma amplia\u00e7\u00e3o do p\u00fablico a ser coberto por essa vacina\u00e7\u00e3o&#8221;, afirmou o ministro da Sa\u00fade, Ricardo Barros, nesta quarta-feira (8) no Instituto Butantan.<\/p>\n<div id=\"attachment_100418\" style=\"width: 609px\" class=\"wp-caption aligncenter\"><img loading=\"lazy\" decoding=\"async\" aria-describedby=\"caption-attachment-100418\" class=\"size-full wp-image-100418\" src=\"http:\/\/senoticias.com.br\/se\/wp-content\/uploads\/2017\/02\/vacina_1.jpg\" alt=\"Vacina\u00e7\u00e3o contra influenza deve ser ampliada em 2018. (Foto: Divulga\u00e7\u00e3o\/ Sesau-RR)\" width=\"599\" height=\"449\" srcset=\"https:\/\/senoticias.com.br\/se\/wp-content\/uploads\/2017\/02\/vacina_1.jpg 599w, https:\/\/senoticias.com.br\/se\/wp-content\/uploads\/2017\/02\/vacina_1-300x225.jpg 300w, https:\/\/senoticias.com.br\/se\/wp-content\/uploads\/2017\/02\/vacina_1-45x35.jpg 45w\" sizes=\"(max-width: 599px) 100vw, 599px\" \/><p id=\"caption-attachment-100418\" class=\"wp-caption-text\">Vacina\u00e7\u00e3o contra influenza deve ser ampliada em 2018. (Foto: Divulga\u00e7\u00e3o\/ Sesau-RR)<\/p><\/div>\n<p style=\"text-align: justify;\">Por\u00e9m ainda n\u00e3o foram definidos os grupos adicionais que ter\u00e3o direito a receber a vacina pelo Sistema \u00danico de sa\u00fade (SUS). &#8220;Nossa \u00e1rea do Programa Nacional de Imuniza\u00e7\u00f5es definir\u00e1 conforme a disponibiliza\u00e7\u00e3o efetiva da vacina&#8221;, disse Barros.<\/p>\n<p style=\"text-align: justify;\">Hoje, na rede p\u00fablica, a vacina\u00e7\u00e3o contra influenza \u00e9 destinada a alguns grupos priorit\u00e1rios: crian\u00e7as de 6 meses a 5 anos, gestantes, idosos, profissionais da sa\u00fade, povos ind\u00edgenas e pessoas portadoras de doen\u00e7as cr\u00f4nicas e outras doen\u00e7as que comprometam a imunidade.<\/p>\n<p style=\"text-align: justify;\">Para atender \u00e0 demanda, o Instituto Butantan vem realizando moderniza\u00e7\u00f5es em sua f\u00e1brica, segundo o diretor da institui\u00e7\u00e3o, Jorge Kalil.<\/p>\n<p style=\"text-align: justify;\">Em 2016, o v\u00edrus influenza H1N1 matou 1.982 pessoas. Ao todo, 10.625 casos foram notificados. O balan\u00e7o quase alcan\u00e7ou os n\u00fameros de 2009, quando o H1N1 se tornou uma pandemia e matou 2.060 brasileiros.<\/p>\n<p style=\"text-align: justify;\">A composi\u00e7\u00e3o da vacina de influenza muda todo ano porque o v\u00edrus da gripe passam por muta\u00e7\u00f5es frequentes. Todo ano, a Organiza\u00e7\u00e3o Mundial da Sa\u00fade (OMS) faz uma previs\u00e3o de quais ser\u00e3o os v\u00edrus Influenza que devem circular no inverno do hemisf\u00e9rio norte e do hemisf\u00e9rio sul com base em amostras de pacientes coletadas em centros sentinela distribu\u00eddos em todo o mundo.<\/p>\n<p style=\"text-align: justify;\"><strong>A vacina Influenza trivalente de 2017, por exemplo, cont\u00e9m os seguintes v\u00edrus:<\/strong><\/p>\n<p style=\"text-align: justify;\">Influenza A (H1N1), subtipo Michigan\/45\/2015<\/p>\n<p style=\"text-align: justify;\">Influenza A (H3N2), subtipo Hong Kong\/4801\/2014<\/p>\n<p style=\"text-align: justify;\">Influenza B, subtipo Brisbane\/60\/2008<\/p>\n<p style=\"text-align: justify;\">J\u00e1 a vacina de Influenza tetravalente deve conter, al\u00e9m dessas tr\u00eas cepas, o v\u00edrus Influenza B, subtipo Phuket\/3073\/2013.<\/p>\n<p style=\"text-align: justify;\"><strong>Acompanhe tamb\u00e9m o SE Not\u00edcias no <a href=\"https:\/\/twitter.com\/Senoticias\">Twitter<\/a>, <a href=\"https:\/\/www.facebook.com\/PortalSENoticias\/\">Facebook <\/a>e no <a href=\"https:\/\/www.instagram.com\/senoticias\/\">Instagram<\/a><\/strong><\/p>\n<p style=\"text-align: justify;\"><img loading=\"lazy\" decoding=\"async\" class=\"aligncenter size-full wp-image-100372\" src=\"http:\/\/senoticias.com.br\/se\/wp-content\/uploads\/2017\/02\/Logo-fone-1-2-1-2-2.jpg\" alt=\"Logo-fone-1-2-1-2\" width=\"599\" height=\"78\" srcset=\"https:\/\/senoticias.com.br\/se\/wp-content\/uploads\/2017\/02\/Logo-fone-1-2-1-2-2.jpg 599w, https:\/\/senoticias.com.br\/se\/wp-content\/uploads\/2017\/02\/Logo-fone-1-2-1-2-2-300x39.jpg 300w\" sizes=\"(max-width: 599px) 100vw, 599px\" \/><\/p>\n<p style=\"text-align: justify;\"><em>Do G1\u00a0<\/em><\/p>\n","protected":false},"excerpt":{"rendered":"<p>O Minist\u00e9rio da Sa\u00fade vai ampliar a oferta da vacina contra influenza em 2018: de 60 milh\u00f5es de doses anuais para 80 milh\u00f5es. &#8220;Evidentemente haver\u00e1 uma amplia\u00e7\u00e3o do p\u00fablico a ser coberto por essa vacina\u00e7\u00e3o&#8221;, afirmou o ministro da Sa\u00fade, Ricardo Barros, nesta quarta-feira (8) no Instituto Butantan. Por\u00e9m ainda n\u00e3o foram definidos os grupos [&hellip;]<\/p>\n","protected":false},"author":2,"featured_media":100418,"comment_status":"closed","ping_status":"closed","sticky":false,"template":"","format":"standard","meta":{"footnotes":""},"categories":[20],"tags":[],"class_list":{"0":"post-100417","1":"post","2":"type-post","3":"status-publish","4":"format-standard","5":"has-post-thumbnail","7":"category-saude"},"_links":{"self":[{"href":"https:\/\/senoticias.com.br\/se\/wp-json\/wp\/v2\/posts\/100417"}],"collection":[{"href":"https:\/\/senoticias.com.br\/se\/wp-json\/wp\/v2\/posts"}],"about":[{"href":"https:\/\/senoticias.com.br\/se\/wp-json\/wp\/v2\/types\/post"}],"author":[{"embeddable":true,"href":"https:\/\/senoticias.com.br\/se\/wp-json\/wp\/v2\/users\/2"}],"replies":[{"embeddable":true,"href":"https:\/\/senoticias.com.br\/se\/wp-json\/wp\/v2\/comments?post=100417"}],"version-history":[{"count":0,"href":"https:\/\/senoticias.com.br\/se\/wp-json\/wp\/v2\/posts\/100417\/revisions"}],"wp:featuredmedia":[{"embeddable":true,"href":"https:\/\/senoticias.com.br\/se\/wp-json\/wp\/v2\/media\/100418"}],"wp:attachment":[{"href":"https:\/\/senoticias.com.br\/se\/wp-json\/wp\/v2\/media?parent=100417"}],"wp:term":[{"taxonomy":"category","embeddable":true,"href":"https:\/\/senoticias.com.br\/se\/wp-json\/wp\/v2\/categories?post=100417"},{"taxonomy":"post_tag","embeddable":true,"href":"https:\/\/senoticias.com.br\/se\/wp-json\/wp\/v2\/tags?post=100417"}],"curies":[{"name":"wp","href":"https:\/\/api.w.org\/{rel}","templated":true}]}}