{"id":100415,"date":"2017-02-09T06:44:08","date_gmt":"2017-02-09T09:44:08","guid":{"rendered":"http:\/\/senoticias.com.br\/se\/?p=100415"},"modified":"2017-02-09T06:46:12","modified_gmt":"2017-02-09T09:46:12","slug":"sergipeprevidencia-convoca-universitarios-que-recebem-beneficio","status":"publish","type":"post","link":"https:\/\/senoticias.com.br\/se\/sergipeprevidencia-convoca-universitarios-que-recebem-beneficio\/","title":{"rendered":"Sergipeprevid\u00eancia convoca universit\u00e1rios que recebem benef\u00edcio"},"content":{"rendered":"<p style=\"text-align: justify;\">Os universit\u00e1rios que recebem pens\u00e3o do Sergipeprevid\u00eancia dever\u00e3o atualizar os dados no Censo Universit\u00e1rio. O procedimento come\u00e7ou a ser feito no in\u00edcio deste m\u00eas e o prazo se estende at\u00e9 3 de mar\u00e7o. O n\u00e3o comparecimento no per\u00edodo estabelecido resultar\u00e1 no bloqueio do benef\u00edcio.<\/p>\n<div id=\"attachment_100416\" style=\"width: 609px\" class=\"wp-caption aligncenter\"><img loading=\"lazy\" decoding=\"async\" aria-describedby=\"caption-attachment-100416\" class=\"size-full wp-image-100416\" src=\"http:\/\/senoticias.com.br\/se\/wp-content\/uploads\/2017\/02\/SENot\u00edcias-1.jpg\" alt=\"Sergipeprevid\u00eancia deve bloquear benef\u00edcio at\u00e9 a regulariza\u00e7\u00e3o (Foto: Divulga\u00e7\u00e3o) \" width=\"599\" height=\"382\" srcset=\"https:\/\/senoticias.com.br\/se\/wp-content\/uploads\/2017\/02\/SENot\u00edcias-1.jpg 599w, https:\/\/senoticias.com.br\/se\/wp-content\/uploads\/2017\/02\/SENot\u00edcias-1-300x191.jpg 300w, https:\/\/senoticias.com.br\/se\/wp-content\/uploads\/2017\/02\/SENot\u00edcias-1-190x122.jpg 190w, https:\/\/senoticias.com.br\/se\/wp-content\/uploads\/2017\/02\/SENot\u00edcias-1-120x76.jpg 120w, https:\/\/senoticias.com.br\/se\/wp-content\/uploads\/2017\/02\/SENot\u00edcias-1-265x168.jpg 265w, https:\/\/senoticias.com.br\/se\/wp-content\/uploads\/2017\/02\/SENot\u00edcias-1-284x180.jpg 284w, https:\/\/senoticias.com.br\/se\/wp-content\/uploads\/2017\/02\/SENot\u00edcias-1-220x140.jpg 220w\" sizes=\"(max-width: 599px) 100vw, 599px\" \/><p id=\"caption-attachment-100416\" class=\"wp-caption-text\">Sergipeprevid\u00eancia deve bloquear benef\u00edcio at\u00e9 a regulariza\u00e7\u00e3o (Foto: Divulga\u00e7\u00e3o)<\/p><\/div>\n<p style=\"text-align: justify;\">O benefici\u00e1rio precisa apresentar os originais e as c\u00f3pias dos documentos na sede do Sergipeprevid\u00eancia, localizada na Pra\u00e7a da Bandeira, 48, no Bairro S\u00e3o Jos\u00e9 em Aracaju (SE). O recadastramento universit\u00e1rio \u00e9 feito duas vezes ao ano, o pr\u00f3ximo ocorrer\u00e1 no m\u00eas de agosto.<\/p>\n<p style=\"text-align: justify;\">Os documentos necess\u00e1rios s\u00e3o: RG, CPF, certid\u00e3o de nascimento atualizada nos \u00faltimos 60 dias, comprovante de resid\u00eancia e conta no Banco do Estado de Sergipe (Banese), extrato do PIS\/PASEP, CNIS, Pesnom fornecidos pelo INSS, declara\u00e7\u00e3o emitida pela universidade e hist\u00f3rico escolar.<\/p>\n<p style=\"text-align: justify;\"><strong>Acompanhe tamb\u00e9m o SE Not\u00edcias no <a href=\"https:\/\/twitter.com\/Senoticias\">Twitter<\/a>, <a href=\"https:\/\/www.facebook.com\/PortalSENoticias\/\">Facebook <\/a>e no <a href=\"https:\/\/www.instagram.com\/senoticias\/\">Instagram<\/a><\/strong><\/p>\n<p style=\"text-align: justify;\"><img loading=\"lazy\" decoding=\"async\" class=\"aligncenter size-full wp-image-100372\" src=\"http:\/\/senoticias.com.br\/se\/wp-content\/uploads\/2017\/02\/Logo-fone-1-2-1-2-2.jpg\" alt=\"Logo-fone-1-2-1-2\" width=\"599\" height=\"78\" srcset=\"https:\/\/senoticias.com.br\/se\/wp-content\/uploads\/2017\/02\/Logo-fone-1-2-1-2-2.jpg 599w, https:\/\/senoticias.com.br\/se\/wp-content\/uploads\/2017\/02\/Logo-fone-1-2-1-2-2-300x39.jpg 300w\" sizes=\"(max-width: 599px) 100vw, 599px\" \/><\/p>\n<p style=\"text-align: justify;\"><em>Do G1 Sergipe<\/em><\/p>\n","protected":false},"excerpt":{"rendered":"<p>Os universit\u00e1rios que recebem pens\u00e3o do Sergipeprevid\u00eancia dever\u00e3o atualizar os dados no Censo Universit\u00e1rio. O procedimento come\u00e7ou a ser feito no in\u00edcio deste m\u00eas e o prazo se estende at\u00e9 3 de mar\u00e7o. O n\u00e3o comparecimento no per\u00edodo estabelecido resultar\u00e1 no bloqueio do benef\u00edcio. O benefici\u00e1rio precisa apresentar os originais e as c\u00f3pias dos documentos [&hellip;]<\/p>\n","protected":false},"author":2,"featured_media":100416,"comment_status":"closed","ping_status":"closed","sticky":false,"template":"","format":"standard","meta":{"footnotes":""},"categories":[44],"tags":[],"class_list":{"0":"post-100415","1":"post","2":"type-post","3":"status-publish","4":"format-standard","5":"has-post-thumbnail","7":"category-educacao"},"_links":{"self":[{"href":"https:\/\/senoticias.com.br\/se\/wp-json\/wp\/v2\/posts\/100415"}],"collection":[{"href":"https:\/\/senoticias.com.br\/se\/wp-json\/wp\/v2\/posts"}],"about":[{"href":"https:\/\/senoticias.com.br\/se\/wp-json\/wp\/v2\/types\/post"}],"author":[{"embeddable":true,"href":"https:\/\/senoticias.com.br\/se\/wp-json\/wp\/v2\/users\/2"}],"replies":[{"embeddable":true,"href":"https:\/\/senoticias.com.br\/se\/wp-json\/wp\/v2\/comments?post=100415"}],"version-history":[{"count":0,"href":"https:\/\/senoticias.com.br\/se\/wp-json\/wp\/v2\/posts\/100415\/revisions"}],"wp:featuredmedia":[{"embeddable":true,"href":"https:\/\/senoticias.com.br\/se\/wp-json\/wp\/v2\/media\/100416"}],"wp:attachment":[{"href":"https:\/\/senoticias.com.br\/se\/wp-json\/wp\/v2\/media?parent=100415"}],"wp:term":[{"taxonomy":"category","embeddable":true,"href":"https:\/\/senoticias.com.br\/se\/wp-json\/wp\/v2\/categories?post=100415"},{"taxonomy":"post_tag","embeddable":true,"href":"https:\/\/senoticias.com.br\/se\/wp-json\/wp\/v2\/tags?post=100415"}],"curies":[{"name":"wp","href":"https:\/\/api.w.org\/{rel}","templated":true}]}}