{"id":100414,"date":"2017-02-09T07:25:55","date_gmt":"2017-02-09T10:25:55","guid":{"rendered":"http:\/\/senoticias.com.br\/se\/?p=100414"},"modified":"2017-02-10T07:09:11","modified_gmt":"2017-02-10T10:09:11","slug":"ipesaude-e-obrigado-a-realizar-exame-de-exoma-completo-em-crianca","status":"publish","type":"post","link":"https:\/\/senoticias.com.br\/se\/ipesaude-e-obrigado-a-realizar-exame-de-exoma-completo-em-crianca\/","title":{"rendered":"Ipesa\u00fade \u00e9 obrigado a realizar exame de Exoma Completo em crian\u00e7a de cinco anos"},"content":{"rendered":"<div id=\"attachment_100421\" style=\"width: 310px\" class=\"wp-caption alignright\"><img loading=\"lazy\" decoding=\"async\" aria-describedby=\"caption-attachment-100421\" class=\"size-full wp-image-100421\" src=\"http:\/\/senoticias.com.br\/se\/wp-content\/uploads\/2017\/02\/Defensoria-publica-SENOTICIAS.jpg\" alt=\"A\u00e7\u00e3o foi proposta pela Defensoria P\u00fablica do Estado ap\u00f3s \u00f3rg\u00e3o de sa\u00fade ter negado procedimento. (Foto: ascom\/Defensoria)\" width=\"300\" height=\"200\" srcset=\"https:\/\/senoticias.com.br\/se\/wp-content\/uploads\/2017\/02\/Defensoria-publica-SENOTICIAS.jpg 300w, https:\/\/senoticias.com.br\/se\/wp-content\/uploads\/2017\/02\/Defensoria-publica-SENOTICIAS-90x60.jpg 90w, https:\/\/senoticias.com.br\/se\/wp-content\/uploads\/2017\/02\/Defensoria-publica-SENOTICIAS-180x120.jpg 180w, https:\/\/senoticias.com.br\/se\/wp-content\/uploads\/2017\/02\/Defensoria-publica-SENOTICIAS-95x64.jpg 95w\" sizes=\"(max-width: 300px) 100vw, 300px\" \/><p id=\"caption-attachment-100421\" class=\"wp-caption-text\">A\u00e7\u00e3o foi proposta pela Defensoria P\u00fablica do Estado ap\u00f3s \u00f3rg\u00e3o de sa\u00fade ter negado procedimento. (Foto: ascom\/Defensoria)<\/p><\/div>\n<p style=\"text-align: justify;\">A Defensoria P\u00fablica do Estado de Sergipe, por meio do N\u00facleo do Consumidor, ingressou com A\u00e7\u00e3o de Obriga\u00e7\u00e3o de Fazer e Pedido de Antecipa\u00e7\u00e3o de Tutela com Dano Moral em face do Ipesa\u00fade para garantir a realiza\u00e7\u00e3o de um exame denominado Exoma Completo em uma crian\u00e7a de apenas cinco anos.<\/p>\n<p style=\"text-align: justify;\">O menor F.L.F. tem hidrocefalia, atraso no desenvolvimento neuro-psicomotor, atraso motor, hipotonia muscular, deformidade nos p\u00e9s, comportamento err\u00e1tico e outros problemas fisiol\u00f3gicos.<\/p>\n<p style=\"text-align: justify;\">O exame tem um sistema de diagn\u00f3stico gen\u00e9tico baseado no sequenciamento e identifica\u00e7\u00e3o de muta\u00e7\u00f5es na regi\u00e3o codificante (exoma) de todos os genes de uma pessoa, proporcionando uma vis\u00e3o detalhada das regi\u00f5es codificantes do genoma humano, onde se calcula que ocorrem 85% das altera\u00e7\u00f5es respons\u00e1veis pelas doen\u00e7as de origem gen\u00e9tica.<\/p>\n<p>&nbsp;<\/p>\n<p style=\"text-align: justify;\">Segundo a m\u00e3e do menor, N\u00e1dia Lima dos Santos, foram feitos v\u00e1rios exames, mas nenhum deles foi capaz de demonstrar a causa das patologias. \u201cAp\u00f3s 40 dias de nascido, meu filho apresentou pneumonia, baixa imunidade, dermatite e outros problemas. A imunidade dele baixou e com isso ocasionou uma s\u00e9rie de transtornos havendo a necessidade de lev\u00e1-lo a cada 30 dias ao m\u00e9dico para ministrar um antial\u00e9rgico, antibi\u00f3ticos e antit\u00e9rmicos. Nenhum exame foi capaz de demonstrar a causa e o m\u00e9dico determinou a realiza\u00e7\u00e3o de exoma completo para averiguar e iniciar o tratamento\u201d, conta.<\/p>\n<p style=\"text-align: justify;\">N\u00e1dia Lima afirmou que o Ipesa\u00fade negou o procedimento. \u201cEles negaram alegando que o exame s\u00f3 \u00e9 feito em lugares espec\u00edficos n\u00e3o credenciados, por isso, o exame n\u00e3o estaria coberto\u201d, disse indignada.<\/p>\n<p>&nbsp;<\/p>\n<p style=\"text-align: justify;\">O defensor p\u00fablico, Orlando Sampaio, pleiteou a realiza\u00e7\u00e3o do exame de forma urgente sob pena de multa di\u00e1ria de R$ 5 mil por descumprimento e danos morais de R$ 5 mil pelos danos sofridos.<\/p>\n<p>&nbsp;<\/p>\n<p style=\"text-align: justify;\">O magistrado do Juizado da Fazenda P\u00fablica, Raphael Silva Reis, deferiu os pedidos da Defensoria P\u00fablica e determinou que o Ipesa\u00fade realizasse com urg\u00eancia o exame prescrito no relat\u00f3rio m\u00e9dico sob pena de sequestro do valor do procedimento.<\/p>\n<p style=\"text-align: justify;\">Para o defensor p\u00fablico, Orlando Sampaio, a viola\u00e7\u00e3o dos direitos constitui pr\u00e1tica abusiva, vedada pelo C\u00f3digo de Defesa do Consumidor. \u201c\u00c9 imposs\u00edvel prever, com exatid\u00e3o, o infeliz aparecimento de doen\u00e7as ou patologias diversas. Portanto, o consumidor, ao contratar um plano de sa\u00fade, confia legitimamente que este lhe ir\u00e1 prestar assist\u00eancia quando for necess\u00e1rio. Assim, n\u00e3o cabe ao plano simplesmente negar a realiza\u00e7\u00e3o de exames, sobretudo, quando se busca o diagn\u00f3stico inicial do paciente sob o argumento de aus\u00eancia de institui\u00e7\u00e3o credenciada ou inexist\u00eancia de cobertura. As limita\u00e7\u00f5es de cobertura decorrem, essencialmente, da Lei 9.656\/98 e das resolu\u00e7\u00f5es correlatas advindas da ANS \u2013 Ag\u00eancia Nacional de Sa\u00fade Suplementar\u201d, pontuou.<\/p>\n<p style=\"text-align: justify;\"><img loading=\"lazy\" decoding=\"async\" class=\"aligncenter size-full wp-image-100353\" src=\"http:\/\/senoticias.com.br\/se\/wp-content\/uploads\/2017\/02\/Logo-fone-1-2-1-2-1.jpg\" alt=\"SENOTICIAS\" width=\"599\" height=\"78\" srcset=\"https:\/\/senoticias.com.br\/se\/wp-content\/uploads\/2017\/02\/Logo-fone-1-2-1-2-1.jpg 599w, https:\/\/senoticias.com.br\/se\/wp-content\/uploads\/2017\/02\/Logo-fone-1-2-1-2-1-300x39.jpg 300w\" sizes=\"(max-width: 599px) 100vw, 599px\" \/><\/p>\n<p style=\"text-align: justify;\"><strong>Acompanhe tamb\u00e9m o SE Not\u00edcias no <a href=\"https:\/\/twitter.com\/Senoticias\">Twitter<\/a>, <a href=\"https:\/\/www.facebook.com\/PortalSENoticias\/\">Facebook <\/a>e no <a href=\"https:\/\/www.instagram.com\/senoticias\/\">Instagram<\/a><\/strong><\/p>\n<p style=\"text-align: justify;\"><em>Ascom\/Defensoria P\u00fablica<\/em><\/p>\n","protected":false},"excerpt":{"rendered":"<p>A Defensoria P\u00fablica do Estado de Sergipe, por meio do N\u00facleo do Consumidor, ingressou com A\u00e7\u00e3o de Obriga\u00e7\u00e3o de Fazer e Pedido de Antecipa\u00e7\u00e3o de Tutela com Dano Moral em face do Ipesa\u00fade para garantir a realiza\u00e7\u00e3o de um exame denominado Exoma Completo em uma crian\u00e7a de apenas cinco anos. O menor F.L.F. tem hidrocefalia, [&hellip;]<\/p>\n","protected":false},"author":2,"featured_media":100421,"comment_status":"closed","ping_status":"closed","sticky":false,"template":"","format":"standard","meta":{"footnotes":""},"categories":[15,6],"tags":[],"class_list":{"0":"post-100414","1":"post","2":"type-post","3":"status-publish","4":"format-standard","5":"has-post-thumbnail","7":"category-destaques","8":"category-politica"},"_links":{"self":[{"href":"https:\/\/senoticias.com.br\/se\/wp-json\/wp\/v2\/posts\/100414"}],"collection":[{"href":"https:\/\/senoticias.com.br\/se\/wp-json\/wp\/v2\/posts"}],"about":[{"href":"https:\/\/senoticias.com.br\/se\/wp-json\/wp\/v2\/types\/post"}],"author":[{"embeddable":true,"href":"https:\/\/senoticias.com.br\/se\/wp-json\/wp\/v2\/users\/2"}],"replies":[{"embeddable":true,"href":"https:\/\/senoticias.com.br\/se\/wp-json\/wp\/v2\/comments?post=100414"}],"version-history":[{"count":0,"href":"https:\/\/senoticias.com.br\/se\/wp-json\/wp\/v2\/posts\/100414\/revisions"}],"wp:featuredmedia":[{"embeddable":true,"href":"https:\/\/senoticias.com.br\/se\/wp-json\/wp\/v2\/media\/100421"}],"wp:attachment":[{"href":"https:\/\/senoticias.com.br\/se\/wp-json\/wp\/v2\/media?parent=100414"}],"wp:term":[{"taxonomy":"category","embeddable":true,"href":"https:\/\/senoticias.com.br\/se\/wp-json\/wp\/v2\/categories?post=100414"},{"taxonomy":"post_tag","embeddable":true,"href":"https:\/\/senoticias.com.br\/se\/wp-json\/wp\/v2\/tags?post=100414"}],"curies":[{"name":"wp","href":"https:\/\/api.w.org\/{rel}","templated":true}]}}