{"id":100412,"date":"2017-02-09T06:22:46","date_gmt":"2017-02-09T09:22:46","guid":{"rendered":"http:\/\/senoticias.com.br\/se\/?p=100412"},"modified":"2017-02-09T06:22:46","modified_gmt":"2017-02-09T09:22:46","slug":"senado-aprova-mp-que-reforma-o-ensino-medio-texto-vai-a-sancao-presidencial","status":"publish","type":"post","link":"https:\/\/senoticias.com.br\/se\/senado-aprova-mp-que-reforma-o-ensino-medio-texto-vai-a-sancao-presidencial\/","title":{"rendered":"Senado aprova MP que reforma o ensino m\u00e9dio; texto vai \u00e0 san\u00e7\u00e3o presidencial"},"content":{"rendered":"<p style=\"text-align: justify;\">O plen\u00e1rio do Senado aprovou ontem (8) a Medida Provis\u00f3ria que trata da Reforma do Ensino M\u00e9dio. O texto foi aprovado por 43 votos favor\u00e1veis e 13 contr\u00e1rios e seguir\u00e1 agora para san\u00e7\u00e3o do presidente da Rep\u00fablica, Michel Temer. A MP n\u00e3o sofreu altera\u00e7\u00f5es em rela\u00e7\u00e3o ao texto final da C\u00e2mara dos Deputados.<\/p>\n<div id=\"attachment_100413\" style=\"width: 609px\" class=\"wp-caption aligncenter\"><img loading=\"lazy\" decoding=\"async\" aria-describedby=\"caption-attachment-100413\" class=\"size-full wp-image-100413\" src=\"http:\/\/senoticias.com.br\/se\/wp-content\/uploads\/2017\/02\/SENot\u00edcias-23023356.jpg\" alt=\"O l\u00edder do governo no Senado, Aloysio Nunes (PSDB-SP), no plen\u00e1rio durante a sess\u00e3o que aprovou a MP do ensino m\u00e9dio (Foto:  Jonas Pereira \/ Ag\u00eancia Senado) \" width=\"599\" height=\"400\" srcset=\"https:\/\/senoticias.com.br\/se\/wp-content\/uploads\/2017\/02\/SENot\u00edcias-23023356.jpg 599w, https:\/\/senoticias.com.br\/se\/wp-content\/uploads\/2017\/02\/SENot\u00edcias-23023356-300x200.jpg 300w, https:\/\/senoticias.com.br\/se\/wp-content\/uploads\/2017\/02\/SENot\u00edcias-23023356-90x60.jpg 90w, https:\/\/senoticias.com.br\/se\/wp-content\/uploads\/2017\/02\/SENot\u00edcias-23023356-180x120.jpg 180w, https:\/\/senoticias.com.br\/se\/wp-content\/uploads\/2017\/02\/SENot\u00edcias-23023356-95x64.jpg 95w\" sizes=\"(max-width: 599px) 100vw, 599px\" \/><p id=\"caption-attachment-100413\" class=\"wp-caption-text\">O l\u00edder do governo no Senado, Aloysio Nunes (PSDB-SP), no plen\u00e1rio durante a sess\u00e3o que aprovou a MP do ensino m\u00e9dio (Foto: Jonas Pereira \/ Ag\u00eancia Senado)<\/p><\/div>\n<p style=\"text-align: justify;\">Entre as principais mudan\u00e7as est\u00e3o a amplia\u00e7\u00e3o de 50% para 60% a composi\u00e7\u00e3o do curr\u00edculo da etapa de ensino preenchido pela Base Nacional Comum. Os 40% restantes ser\u00e3o destinados aos chamados itiner\u00e1rios formativos, em que o estudante poder\u00e1 escolher entre cinco \u00e1reas de estudo: linguagens, matem\u00e1tica, ci\u00eancias da natureza, ci\u00eancias humanas e forma\u00e7\u00e3o t\u00e9cnica e profissional. O projeto prev\u00ea que os alunos poder\u00e3o escolher a \u00e1rea na qual v\u00e3o se aprofundar j\u00e1 no in\u00edcio do ensino m\u00e9dio.<\/p>\n<p style=\"text-align: justify;\">Quando passou pela C\u00e2mara, a medida recebeu emenda restabelecendo a obrigatoriedade das disciplinas de educa\u00e7\u00e3o f\u00edsica, arte, sociologia e filosofia na Base Nacional Comum Curricular, que estavam fora do texto original. A oposi\u00e7\u00e3o no Senado tentou obstruir a vota\u00e7\u00e3o e apresentou diversas sugest\u00f5es de emenda para tentar modificar o texto, mas elas foram rejeitadas pela maioria do plen\u00e1rio.<\/p>\n<p style=\"text-align: justify;\">Foi mantida ainda a permiss\u00e3o para que profissionais com not\u00f3rio saber, ou seja, sem forma\u00e7\u00e3o acad\u00eamica espec\u00edfica para lecionar, possam dar aulas no ensino t\u00e9cnico e profissional. Isso permitir\u00e1, por exemplo, a um engenheiro dar aulas de matem\u00e1tica ou f\u00edsica e n\u00e3o mais necessariamente um professor com licenciatura nessas \u00e1reas.<\/p>\n<p style=\"text-align: justify;\"><strong>Carga hor\u00e1ria<\/strong><\/p>\n<p style=\"text-align: justify;\">A proposta tamb\u00e9m estabelece uma meta de amplia\u00e7\u00e3o da carga hor\u00e1ria para pelo menos mil horas anuais no prazo m\u00e1ximo de cinco anos para todas as escolas do ensino m\u00e9dio, com apoio financeiro do governo federal.<\/p>\n<p style=\"text-align: justify;\"><strong>Acompanhe tamb\u00e9m o SE Not\u00edcias no <a href=\"https:\/\/twitter.com\/Senoticias\">Twitter<\/a>, <a href=\"https:\/\/www.facebook.com\/PortalSENoticias\/\">Facebook <\/a>e no <a href=\"https:\/\/www.instagram.com\/senoticias\/\">Instagram<\/a><\/strong><\/p>\n<p style=\"text-align: justify;\"><img loading=\"lazy\" decoding=\"async\" class=\"aligncenter size-full wp-image-100372\" src=\"http:\/\/senoticias.com.br\/se\/wp-content\/uploads\/2017\/02\/Logo-fone-1-2-1-2-2.jpg\" alt=\"Logo-fone-1-2-1-2\" width=\"599\" height=\"78\" srcset=\"https:\/\/senoticias.com.br\/se\/wp-content\/uploads\/2017\/02\/Logo-fone-1-2-1-2-2.jpg 599w, https:\/\/senoticias.com.br\/se\/wp-content\/uploads\/2017\/02\/Logo-fone-1-2-1-2-2-300x39.jpg 300w\" sizes=\"(max-width: 599px) 100vw, 599px\" \/><\/p>\n<p style=\"text-align: justify;\"><em>Da Ag\u00eancia Brasil<\/em><\/p>\n","protected":false},"excerpt":{"rendered":"<p>O plen\u00e1rio do Senado aprovou ontem (8) a Medida Provis\u00f3ria que trata da Reforma do Ensino M\u00e9dio. O texto foi aprovado por 43 votos favor\u00e1veis e 13 contr\u00e1rios e seguir\u00e1 agora para san\u00e7\u00e3o do presidente da Rep\u00fablica, Michel Temer. A MP n\u00e3o sofreu altera\u00e7\u00f5es em rela\u00e7\u00e3o ao texto final da C\u00e2mara dos Deputados. Entre as [&hellip;]<\/p>\n","protected":false},"author":2,"featured_media":100413,"comment_status":"closed","ping_status":"closed","sticky":false,"template":"","format":"standard","meta":{"footnotes":""},"categories":[6],"tags":[],"class_list":{"0":"post-100412","1":"post","2":"type-post","3":"status-publish","4":"format-standard","5":"has-post-thumbnail","7":"category-politica"},"_links":{"self":[{"href":"https:\/\/senoticias.com.br\/se\/wp-json\/wp\/v2\/posts\/100412"}],"collection":[{"href":"https:\/\/senoticias.com.br\/se\/wp-json\/wp\/v2\/posts"}],"about":[{"href":"https:\/\/senoticias.com.br\/se\/wp-json\/wp\/v2\/types\/post"}],"author":[{"embeddable":true,"href":"https:\/\/senoticias.com.br\/se\/wp-json\/wp\/v2\/users\/2"}],"replies":[{"embeddable":true,"href":"https:\/\/senoticias.com.br\/se\/wp-json\/wp\/v2\/comments?post=100412"}],"version-history":[{"count":0,"href":"https:\/\/senoticias.com.br\/se\/wp-json\/wp\/v2\/posts\/100412\/revisions"}],"wp:featuredmedia":[{"embeddable":true,"href":"https:\/\/senoticias.com.br\/se\/wp-json\/wp\/v2\/media\/100413"}],"wp:attachment":[{"href":"https:\/\/senoticias.com.br\/se\/wp-json\/wp\/v2\/media?parent=100412"}],"wp:term":[{"taxonomy":"category","embeddable":true,"href":"https:\/\/senoticias.com.br\/se\/wp-json\/wp\/v2\/categories?post=100412"},{"taxonomy":"post_tag","embeddable":true,"href":"https:\/\/senoticias.com.br\/se\/wp-json\/wp\/v2\/tags?post=100412"}],"curies":[{"name":"wp","href":"https:\/\/api.w.org\/{rel}","templated":true}]}}