{"id":100362,"date":"2017-02-08T13:37:17","date_gmt":"2017-02-08T16:37:17","guid":{"rendered":"http:\/\/senoticias.com.br\/se\/?p=100362"},"modified":"2017-02-08T13:37:17","modified_gmt":"2017-02-08T16:37:17","slug":"policia-militar-apreende-aves-em-socorro-e-contem-queimada-em-sao-cristovao","status":"publish","type":"post","link":"https:\/\/senoticias.com.br\/se\/policia-militar-apreende-aves-em-socorro-e-contem-queimada-em-sao-cristovao\/","title":{"rendered":"Pol\u00edcia Militar apreende aves em Socorro e cont\u00e9m queimada em S\u00e3o Crist\u00f3v\u00e3o"},"content":{"rendered":"<p style=\"text-align: justify;\">A Pol\u00edcia Militar do Estado de Sergipe, por meio do Pelot\u00e3o de Pol\u00edcia Ambiental (PPAmb), lavrou dois termos circunstanciados por flagrante de crime ambiental na ter\u00e7a-feira, 7, em Nossa Senhora do Socorro, na Grande Aracaju, em cumprimento a requisi\u00e7\u00f5es do Minist\u00e9rio P\u00fablico.<\/p>\n<div id=\"attachment_100365\" style=\"width: 609px\" class=\"wp-caption aligncenter\"><img loading=\"lazy\" decoding=\"async\" aria-describedby=\"caption-attachment-100365\" class=\"size-full wp-image-100365\" src=\"http:\/\/senoticias.com.br\/se\/wp-content\/uploads\/2017\/02\/Queimadas-Sao-Cristovao-SENOTICIAS-e1486568498397.jpg\" alt=\"Queimada \u00e0s margens da rodovia Jo\u00e3o Bebe \u00c1gua. (Foto: PM\/SE)\" width=\"599\" height=\"399\" \/><p id=\"caption-attachment-100365\" class=\"wp-caption-text\">Queimada \u00e0s margens da rodovia Jo\u00e3o Bebe \u00c1gua. (Foto: PM\/SE)<\/p><\/div>\n<p style=\"text-align: justify;\">A guarni\u00e7\u00e3o composta pelo cabo J\u00e1rio e os soldados Regina e Vieira se deslocou ao conjunto Marcos Freire II, para averiguar poss\u00edveis casos de posse ilegal e maus tratos de aves silvestres. Na primeira resid\u00eancia, a den\u00fancia era de maus tratos a um papagaio, fato n\u00e3o constatado pela guarni\u00e7\u00e3o, mas como o propriet\u00e1rio n\u00e3o apresentou a autoriza\u00e7\u00e3o para ter a guarda do animal, os militares apreenderam a ave e lavraram um termo\u00a0circunstanciado por crime ambiental previsto no artigo 29, da Lei de Crimes Ambientais.<\/p>\n<p style=\"text-align: justify;\">No segundo endere\u00e7o, os policiais visualizaram quatro\u00a0aves expostas na varanda da casa e na abordagem os propriet\u00e1rios informaram que tinha o h\u00e1bito de criar p\u00e1ssaros desde a inf\u00e2ncia e desconheciam a necessidade de alguma documenta\u00e7\u00e3o autorizando a posse dos animais. Diante da situa\u00e7\u00e3o de flagr\u00e2ncia, as quatro aves foram apreendidas e lavrado um termo circunstanciado por crime ambiental previsto tamb\u00e9m no artigo 29, da Lei 9.605\/98. Os dois envolvidos ir\u00e3o responder na Comarca de Nossa Senhora do Socorro.<\/p>\n<p><strong>Queimada em S\u00e3o Crist\u00f3v\u00e3o<\/strong><\/p>\n<p style=\"text-align: justify;\">No domingo, 5, o Pelot\u00e3o Ambiental flagrou mais um crime ambiental na Grande Aracaju. Por volta das 10h, a equipe formada pelo cabo Givonaldo e os soldados Stefane e M. Silva se deslocava \u00e0 cidade de S\u00e3o Crist\u00f3v\u00e3o para atendimento a uma ocorr\u00eancia, quando avistou uma queimada numa propriedade particular, \u00e0s margens da Rodovia Jo\u00e3o Bebe \u00c1gua.<\/p>\n<p style=\"text-align: justify;\">Ao desembarcar da viatura, os militares perceberam que a \u00e1rea se tratava de um remanescente de Mata Atl\u00e2ntica, inclusive com esp\u00e9cies t\u00edpicas deste bioma, como Camboat\u00e3 e Murici. No local, foi verificada ainda a presen\u00e7a do riacho Pitanga e que parte da vegeta\u00e7\u00e3o destru\u00edda servia como mata ciliar e protegia\u00a0o citado c\u00f3rrego.<\/p>\n<p style=\"text-align: justify;\">A guarni\u00e7\u00e3o identificou dois homens como respons\u00e1veis pelo desmate, e estes confessaram que promoveram a queimada para plantio de uma ro\u00e7a, mas que n\u00e3o tinham autoriza\u00e7\u00e3o dos \u00f3rg\u00e3os ambientais para a supress\u00e3o da vegeta\u00e7\u00e3o. Diante do flagrante, os dois homens foram conduzidos \u00e0 6\u00aa Delegacia, no conjunto Eduardo Gomes, j\u00e1 que o crime foi cometido em \u00e1rea de prote\u00e7\u00e3o permanente e n\u00e3o caberia a lavratura de termo circunstanciado no local.<img loading=\"lazy\" decoding=\"async\" class=\"aligncenter size-full wp-image-100353\" src=\"http:\/\/senoticias.com.br\/se\/wp-content\/uploads\/2017\/02\/Logo-fone-1-2-1-2-1.jpg\" alt=\"SENOTICIAS\" width=\"599\" height=\"78\" srcset=\"https:\/\/senoticias.com.br\/se\/wp-content\/uploads\/2017\/02\/Logo-fone-1-2-1-2-1.jpg 599w, https:\/\/senoticias.com.br\/se\/wp-content\/uploads\/2017\/02\/Logo-fone-1-2-1-2-1-300x39.jpg 300w\" sizes=\"(max-width: 599px) 100vw, 599px\" \/><\/p>\n<p style=\"text-align: justify;\"><strong>Acompanhe tamb\u00e9m o SE Not\u00edcias no <a href=\"https:\/\/twitter.com\/Senoticias\">Twitter<\/a>, <a href=\"https:\/\/www.facebook.com\/PortalSENoticias\/\">Facebook <\/a>e no <a href=\"https:\/\/www.instagram.com\/senoticias\/\">Instagram\u00a0<\/a><\/strong><\/p>\n<p style=\"text-align: justify;\"><strong><em>Ascom\/PM\/SE<\/em><\/strong><\/p>\n","protected":false},"excerpt":{"rendered":"<p>A Pol\u00edcia Militar do Estado de Sergipe, por meio do Pelot\u00e3o de Pol\u00edcia Ambiental (PPAmb), lavrou dois termos circunstanciados por flagrante de crime ambiental na ter\u00e7a-feira, 7, em Nossa Senhora do Socorro, na Grande Aracaju, em cumprimento a requisi\u00e7\u00f5es do Minist\u00e9rio P\u00fablico. A guarni\u00e7\u00e3o composta pelo cabo J\u00e1rio e os soldados Regina e Vieira se [&hellip;]<\/p>\n","protected":false},"author":2,"featured_media":100365,"comment_status":"closed","ping_status":"closed","sticky":false,"template":"","format":"standard","meta":{"footnotes":""},"categories":[7],"tags":[],"class_list":{"0":"post-100362","1":"post","2":"type-post","3":"status-publish","4":"format-standard","5":"has-post-thumbnail","7":"category-policia"},"_links":{"self":[{"href":"https:\/\/senoticias.com.br\/se\/wp-json\/wp\/v2\/posts\/100362"}],"collection":[{"href":"https:\/\/senoticias.com.br\/se\/wp-json\/wp\/v2\/posts"}],"about":[{"href":"https:\/\/senoticias.com.br\/se\/wp-json\/wp\/v2\/types\/post"}],"author":[{"embeddable":true,"href":"https:\/\/senoticias.com.br\/se\/wp-json\/wp\/v2\/users\/2"}],"replies":[{"embeddable":true,"href":"https:\/\/senoticias.com.br\/se\/wp-json\/wp\/v2\/comments?post=100362"}],"version-history":[{"count":0,"href":"https:\/\/senoticias.com.br\/se\/wp-json\/wp\/v2\/posts\/100362\/revisions"}],"wp:featuredmedia":[{"embeddable":true,"href":"https:\/\/senoticias.com.br\/se\/wp-json\/wp\/v2\/media\/100365"}],"wp:attachment":[{"href":"https:\/\/senoticias.com.br\/se\/wp-json\/wp\/v2\/media?parent=100362"}],"wp:term":[{"taxonomy":"category","embeddable":true,"href":"https:\/\/senoticias.com.br\/se\/wp-json\/wp\/v2\/categories?post=100362"},{"taxonomy":"post_tag","embeddable":true,"href":"https:\/\/senoticias.com.br\/se\/wp-json\/wp\/v2\/tags?post=100362"}],"curies":[{"name":"wp","href":"https:\/\/api.w.org\/{rel}","templated":true}]}}