{"id":100171,"date":"2017-02-03T06:46:28","date_gmt":"2017-02-03T09:46:28","guid":{"rendered":"http:\/\/senoticias.com.br\/se\/?p=100171"},"modified":"2017-02-03T06:52:21","modified_gmt":"2017-02-03T09:52:21","slug":"jackson-e-ministro-alexandre-moraes-assinam-termo-para-formalizar-implantacao-do-plano-nacional-de-seguranca-em-sergipe","status":"publish","type":"post","link":"https:\/\/senoticias.com.br\/se\/jackson-e-ministro-alexandre-moraes-assinam-termo-para-formalizar-implantacao-do-plano-nacional-de-seguranca-em-sergipe\/","title":{"rendered":"Jackson e Ministro da Justi\u00e7a assinam termo para formalizar implanta\u00e7\u00e3o do Plano Nacional de Seguran\u00e7a em Sergipe"},"content":{"rendered":"<div style=\"text-align: justify;\">\n<p>O governador Jackson Barreto e o ministro da Justi\u00e7a e Cidadania Alexandre Moraes assinar\u00e3o, na manh\u00e3 desta sexta-feira, 03, em Sergipe, termo para ades\u00e3o do estado ao Plano Nacional Integrado de Seguran\u00e7a P\u00fablica, por meio do qual 150 homens da For\u00e7a Nacional de Seguran\u00e7a passar\u00e3o a atuar em Aracaju. Ser\u00e3o 120 PMs no policiamento ostensivo, 24 policiais civis para refor\u00e7ar o Departamento de Homic\u00eddios (DHPP) e seis agentes que atuar\u00e3o na \u00e1rea pericial.<\/p>\n<div id=\"attachment_97737\" style=\"width: 609px\" class=\"wp-caption aligncenter\"><img loading=\"lazy\" decoding=\"async\" aria-describedby=\"caption-attachment-97737\" class=\"size-full wp-image-97737\" src=\"http:\/\/senoticias.com.br\/se\/wp-content\/uploads\/2016\/11\/WhatsApp-Image-2016-11-07-at-15.21.07-1-e1478541981441.jpeg\" alt=\"Plano prev\u00ea atua\u00e7\u00e3o de 150 homens da For\u00e7a Nacional no estado. Jackson Barreto tamb\u00e9m anunciar\u00e1 a convoca\u00e7\u00e3o de 20 agentes da Pol\u00edcia Civil, aprovados no \u00faltimo concurso. (Foto: Or\u00e1cio Oliveira)\" width=\"599\" height=\"400\" \/><p id=\"caption-attachment-97737\" class=\"wp-caption-text\">Plano prev\u00ea atua\u00e7\u00e3o de 150 homens da For\u00e7a Nacional no estado. Jackson Barreto tamb\u00e9m anunciar\u00e1 a convoca\u00e7\u00e3o de 20 agentes da Pol\u00edcia Civil, aprovados no \u00faltimo concurso. (Foto: arquivo\/SE Not\u00edcias)<\/p><\/div>\n<\/div>\n<div style=\"text-align: justify;\">\n<p>O efetivo foi definido ap\u00f3s tratativas entre a Secretaria Nacional de Seguran\u00e7a P\u00fablica &#8211; Senasp e a Secretaria de Estado de Seguran\u00e7a P\u00fablica &#8211; SSP\/SE. A previs\u00e3o para in\u00edcio de a\u00e7\u00e3o da For\u00e7a \u00e9 15 de fevereiro.<\/p>\n<\/div>\n<div style=\"text-align: justify;\">\n<p>O ministro tamb\u00e9m divulgar\u00e1 a formata\u00e7\u00e3o final do Plano de Seguran\u00e7a Nacional, que al\u00e9m da capital sergipana, Aracaju, contemplar\u00e1, de in\u00edcio, as cidades de Natal, no Rio Grande do Norte e Porto Alegre, Rio Grande do Sul.<\/p>\n<\/div>\n<div style=\"text-align: justify;\">Na ocasi\u00e3o, Jackson Barreto ainda anunciar\u00e1 a convoca\u00e7\u00e3o de 20 agentes da Pol\u00edcia Civil, aprovados no \u00faltimo concurso, para trabalhar nas equipes de investiga\u00e7\u00e3o de crimes de homic\u00eddio nos munic\u00edpios de Itabaiana, Nossa Senhora da Gl\u00f3ria, Nossa Senhora das Dores, Lagarto e Carm\u00f3polis.<\/div>\n<div><\/div>\n<div><strong>O Plano<\/strong><\/div>\n<div><\/div>\n<div style=\"text-align: justify;\">\n<p>O Plano de Seguran\u00e7a do Governo Federal tem como foco central a diminui\u00e7\u00e3o das taxas de homic\u00eddios dolosos e viol\u00eancia contra a mulher. O interc\u00e2mbio entre Senasp e SSP visou identificar tamb\u00e9m as raz\u00f5es da criminalidade e as a\u00e7\u00f5es imediatas para combater as taxas de crimes.<\/p>\n<\/div>\n<div style=\"text-align: justify;\">\n<p>Em 18 de janeiro, o Governo Federal, por meio do Minist\u00e9rio da Justi\u00e7a, e as unidades da Federa\u00e7\u00e3o realizaram cerim\u00f4nia de assinatura de termo de coopera\u00e7\u00e3o entre Uni\u00e3o e Estados, referente ao Plano Nacional de Seguran\u00e7a, estabelecendo um Pacto Federativo pela Seguran\u00e7a P\u00fablica para integra\u00e7\u00e3o, colabora\u00e7\u00e3o e coopera\u00e7\u00e3o para implanta\u00e7\u00e3o em todo territ\u00f3rio nacional do Plano Nacional de Seguran\u00e7a P\u00fablica. O documento foi o primeiro passo para que as medidas, anunciadas na primeira semana de janeiro pelo governo Temer para conter a crise no sistema prisional, comecem ser colocadas em pr\u00e1tica.<\/p>\n<\/div>\n<div style=\"text-align: justify;\">\n<p>O Governo Federal lan\u00e7ou o plano em 06 de janeiro, em cerim\u00f4nia no Pal\u00e1cio do Planalto, com medidas para combater o crime no pa\u00eds. Entre as a\u00e7\u00f5es previstas no plano e apresentadas pelo ministro da Justi\u00e7a, Alexandre de Moraes, est\u00e3o a implanta\u00e7\u00e3o de centros de intelig\u00eancia integrados das pol\u00edcias nas capitais, a cria\u00e7\u00e3o de for\u00e7as-tarefa no Minist\u00e9rio P\u00fablico para investiga\u00e7\u00f5es de homic\u00eddios e o fortalecimento do combate ao tr\u00e1fico de armas e drogas nas fronteiras.<\/p>\n<\/div>\n<div style=\"text-align: justify;\">\n<p>O Plano foi elaborado pela \u00e1rea de seguran\u00e7a do governo ao longo dos \u00faltimos sete meses. Segundo o ministro da Justi\u00e7a, o plano nacional de seguran\u00e7a vai ter tr\u00eas pontos priorit\u00e1rios: redu\u00e7\u00e3o dos crimes de homic\u00eddios, feminic\u00eddio e viol\u00eancia contra a mulher; combate ao crime organizado, com foco no tr\u00e1fico de drogas e de armas e moderniza\u00e7\u00e3o e racionaliza\u00e7\u00e3o de pres\u00eddios.<\/p>\n<\/div>\n<div>Segundo o Minist\u00e9rio a meta do Governo \u00e9 obter uma redu\u00e7\u00e3o anual de 7,5% na quantidade de homic\u00eddios dolosos nas capitais em 2017 e o mesmo percentual em 2018 nas cidades lim\u00edtrofes, que englobam 209 munic\u00edpios.<\/div>\n<div>O ministro da Justi\u00e7a tamb\u00e9m afirmou que o governo espera reduzir a superlota\u00e7\u00e3o em carcer\u00e1ria em 15% em 2018. Em rela\u00e7\u00e3o ao crime organizado, a expectativa \u00e9 aumentar em 10% a quantidade de armas e drogas apreendidas em 2017 e em de 15% em 2018.<\/div>\n<div><\/div>\n<div><strong>Seguran\u00e7a p\u00fablica<\/strong><\/div>\n<div><\/div>\n<div style=\"text-align: justify;\">Em um per\u00edodo de tr\u00eas meses, esta \u00e9 a segunda visita a Sergipe do ministro Alexandre Moraes. Em novembro de 2016, o ministro veio a Aracaju para inaugurar o novo <a href=\"http:\/\/www.agencia.se.gov.br\/noticias\/governo\/o-governador-de-sergipe-tem-compromisso-com-a-seguranca-diz-ministro-da-justica\" target=\"_blank\" data-saferedirecturl=\"https:\/\/www.google.com\/url?hl=pt-BR&amp;q=http:\/\/www.agencia.se.gov.br\/noticias\/governo\/o-governador-de-sergipe-tem-compromisso-com-a-seguranca-diz-ministro-da-justica&amp;source=gmail&amp;ust=1486201402807000&amp;usg=AFQjCNGd3Xun6yego5Wq3Uw4LdG5O4V_xA\">Sistema de Radiocomunica\u00e7\u00e3o Digital<\/a> da Seguran\u00e7a P\u00fablica. O sistema foi implantado por meio do Programa Brasil Mais Seguro e possibilita que os \u00f3rg\u00e3os de seguran\u00e7a p\u00fablica, em todas as suas esferas, comuniquem-se digitalmente. O projeto \u00e9 pioneiro no pa\u00eds e Sergipe \u00e9 o primeiro estado do Brasil a ter 100% de cobertura de comunica\u00e7\u00e3o digital<\/div>\n<div><\/div>\n<div><strong>Servi\u00e7o<\/strong><\/div>\n<div><\/div>\n<div><strong>O qu\u00ea &#8211;<\/strong> Solenidade de Assinatura do Plano Nacional de Seguran\u00e7a, com presen\u00e7a do ministro da Justi\u00e7a e Cidadania, Alexandre Moraes e an\u00fancio da convoca\u00e7\u00e3o de 20 novos agentes da Pol\u00edcia Civil;<\/div>\n<div><strong>Quando &#8211;<\/strong> Nesta sexta-feira, 03, \u00e0s 15h;<\/div>\n<div><strong>Onde &#8211;<\/strong> Pal\u00e1cio de Despachos &#8211; Sala de Situa\u00e7\u00e3o.<\/div>\n<div><\/div>\n<div><img loading=\"lazy\" decoding=\"async\" class=\"aligncenter size-full wp-image-100145\" src=\"http:\/\/senoticias.com.br\/se\/wp-content\/uploads\/2017\/02\/Logo-fone-1-2-1-2.jpg\" alt=\"Logo-fone-1-2-1-2\" width=\"599\" height=\"78\" srcset=\"https:\/\/senoticias.com.br\/se\/wp-content\/uploads\/2017\/02\/Logo-fone-1-2-1-2.jpg 599w, https:\/\/senoticias.com.br\/se\/wp-content\/uploads\/2017\/02\/Logo-fone-1-2-1-2-300x39.jpg 300w\" sizes=\"(max-width: 599px) 100vw, 599px\" \/><\/div>\n<div><\/div>\n<div><strong>Acompanhe tamb\u00e9m o SE Not\u00edcias no<\/strong><span class=\"apple-converted-space\"><b>\u00a0<\/b><\/span><strong><a href=\"https:\/\/twitter.com\/Senoticias\" target=\"_blank\">Twitter<\/a>,<\/strong><span class=\"apple-converted-space\"><b>\u00a0<\/b><\/span><strong><a href=\"https:\/\/www.facebook.com\/senoticias1\" target=\"_blank\">Facebook<span class=\"apple-converted-space\">\u00a0<\/span><\/a>e no<\/strong><span class=\"apple-converted-space\"><b>\u00a0<\/b><\/span><strong><a href=\"https:\/\/www.instagram.com\/senoticias\/\" target=\"_blank\">Instagram<\/a><\/strong><\/div>\n<div><strong><em>Ag\u00eancia Sergipe de Not\u00edcias<\/em><\/strong><\/div>\n","protected":false},"excerpt":{"rendered":"<p>O governador Jackson Barreto e o ministro da Justi\u00e7a e Cidadania Alexandre Moraes assinar\u00e3o, na manh\u00e3 desta sexta-feira, 03, em Sergipe, termo para ades\u00e3o do estado ao Plano Nacional Integrado de Seguran\u00e7a P\u00fablica, por meio do qual 150 homens da For\u00e7a Nacional de Seguran\u00e7a passar\u00e3o a atuar em Aracaju. Ser\u00e3o 120 PMs no policiamento ostensivo, [&hellip;]<\/p>\n","protected":false},"author":2,"featured_media":99262,"comment_status":"closed","ping_status":"closed","sticky":false,"template":"","format":"standard","meta":{"footnotes":""},"categories":[15,7],"tags":[],"class_list":{"0":"post-100171","1":"post","2":"type-post","3":"status-publish","4":"format-standard","5":"has-post-thumbnail","7":"category-destaques","8":"category-policia"},"_links":{"self":[{"href":"https:\/\/senoticias.com.br\/se\/wp-json\/wp\/v2\/posts\/100171"}],"collection":[{"href":"https:\/\/senoticias.com.br\/se\/wp-json\/wp\/v2\/posts"}],"about":[{"href":"https:\/\/senoticias.com.br\/se\/wp-json\/wp\/v2\/types\/post"}],"author":[{"embeddable":true,"href":"https:\/\/senoticias.com.br\/se\/wp-json\/wp\/v2\/users\/2"}],"replies":[{"embeddable":true,"href":"https:\/\/senoticias.com.br\/se\/wp-json\/wp\/v2\/comments?post=100171"}],"version-history":[{"count":0,"href":"https:\/\/senoticias.com.br\/se\/wp-json\/wp\/v2\/posts\/100171\/revisions"}],"wp:featuredmedia":[{"embeddable":true,"href":"https:\/\/senoticias.com.br\/se\/wp-json\/wp\/v2\/media\/99262"}],"wp:attachment":[{"href":"https:\/\/senoticias.com.br\/se\/wp-json\/wp\/v2\/media?parent=100171"}],"wp:term":[{"taxonomy":"category","embeddable":true,"href":"https:\/\/senoticias.com.br\/se\/wp-json\/wp\/v2\/categories?post=100171"},{"taxonomy":"post_tag","embeddable":true,"href":"https:\/\/senoticias.com.br\/se\/wp-json\/wp\/v2\/tags?post=100171"}],"curies":[{"name":"wp","href":"https:\/\/api.w.org\/{rel}","templated":true}]}}