{"id":100168,"date":"2017-02-02T14:42:47","date_gmt":"2017-02-02T17:42:47","guid":{"rendered":"http:\/\/senoticias.com.br\/se\/?p=100168"},"modified":"2017-02-05T11:25:21","modified_gmt":"2017-02-05T14:25:21","slug":"rodrigo-maia-e-reeleito-em-primeiro-turno-presidente-da-camara-dos-deputados","status":"publish","type":"post","link":"https:\/\/senoticias.com.br\/se\/rodrigo-maia-e-reeleito-em-primeiro-turno-presidente-da-camara-dos-deputados\/","title":{"rendered":"Rodrigo Maia \u00e9 reeleito em primeiro turno presidente da C\u00e2mara dos Deputados"},"content":{"rendered":"<div style=\"text-align: justify;\">\n<p>O atual presidente da C\u00e2mara dos Deputados, Rodrigo Maia (DEM-RJ), confirmou o favoritismo e se reelegeu, nesta tarde (2\/2), com 293 votos, para comandar a Casa nos pr\u00f3ximos dois anos. Os outros seis concorrentes n\u00e3o conseguiram somar os 258 votos necess\u00e1rios para levar a disputa ao segundo turno e o parlamentar do DEM foi reconduzido na presid\u00eancia do Legislativo.<\/p>\n<div id=\"attachment_100169\" style=\"width: 609px\" class=\"wp-caption aligncenter\"><img loading=\"lazy\" decoding=\"async\" aria-describedby=\"caption-attachment-100169\" class=\"size-full wp-image-100169\" src=\"http:\/\/senoticias.com.br\/se\/wp-content\/uploads\/2017\/02\/Rodrigo-Maia-SE-noticias-e1486057127683.jpg\" alt=\"Rodrigo Maia (DEM-RJ), que concorre ao cargo de presidente da C\u00e2mara, em Bras\u00edlia (DF) - 02\/02\/2017 (Marcelo Camargo)\" width=\"599\" height=\"399\" \/><p id=\"caption-attachment-100169\" class=\"wp-caption-text\">Rodrigo Maia (DEM-RJ), foi reeleito presidente da C\u00e2mara, em Bras\u00edlia (DF).(Marcelo Camargo)<\/p><\/div>\n<\/div>\n<div style=\"text-align: justify;\">\n<p>O carioca de 46 anos est\u00e1 no quinto mandato de deputado federal e come\u00e7ou na pol\u00edtica pelas m\u00e3os do pai, Cesar Maia, ex-prefeito do Rio de Janeiro. Preside a Casa desde junho do ano passado, quando foi eleito para um mandato tamp\u00e3o a fim de substituir o ex-presidente Eduardo Cunha (PMDB-RJ), cassado por mentir aos colegas sobre a exist\u00eancias de contas no exterior em seu nome.<\/p>\n<\/div>\n<div>\n<div style=\"text-align: justify;\">Os advers\u00e1rios de Maia tentaram impedir que ele se candidatasse com o argumento de que a reelei\u00e7\u00e3o dentro do mesmo mandato \u00e9 proibida pelo Constitui\u00e7\u00e3o Federal e pelo Regimento Interno da Casa. Anteontem, contudo, o ministro Celso de Mello, relator dos mandados de seguran\u00e7a impetradas pelos rivais do parlamentar do DEM no Supremo Tribunal Federal (STF), indeferiu as a\u00e7\u00f5es e liberou Maia. A decis\u00e3o ainda ser\u00e1 analisada pelo Plen\u00e1rio da Corte.<\/div>\n<div style=\"text-align: justify;\">O n\u00famero de votos de Maia \u00e9 maior do que o de Eduardo Cunha, h\u00e1 dois anos. O resultado significa o sepultamento do antigo Centr\u00e3o, grupo de parlamentares que se sustentavam em torno do ex-presidente da Casa, hoje preso em Curitiba.<\/div>\n<div style=\"text-align: justify;\"><\/div>\n<div style=\"text-align: justify;\">\n<p>Com Michel Temer (PMDB) no poder ap\u00f3s o impeachment da presidente Dilma Rousseff (PT), al\u00e9m de presidir a C\u00e2mara, Maia tamb\u00e9m \u00e9 o primeiro na linha sucess\u00f3ria da presid\u00eancia da Rep\u00fablica e dever\u00e1 assumir o comando do pa\u00eds quando Temer sair de f\u00e9rias ou viajar para fora do Brasil.<\/p>\n<\/div>\n<div style=\"text-align: justify;\">\n<p>Maia concorreu \u00e0 presid\u00eancia da Casa com outros cinco candidatos: Jovair Arantes (PTB-GO), Andr\u00e9 Figueiredo (PDT-CE), J\u00falio Delgado (PSB-MG), Luiza Erundina (PSOL-SP) e Jair Bolsonaro (PSC-RJ).<\/p>\n<\/div>\n<div>\n<p><strong>Confira o n\u00famero de votos recebidos por cada candidato:<\/strong><\/p>\n<p>&nbsp;<\/p>\n<\/div>\n<div>Rodrigo Maia: 293<\/div>\n<div>Jovair Arantes: 105<\/div>\n<div>Andr\u00e9 Figueiredo: 59<\/div>\n<div>J\u00falio Delgado: 28<\/div>\n<div>Luiza Erundina: 10<\/div>\n<div>Jair Bolsonaro: 4<\/div>\n<h2>Vice-presid\u00eancia<\/h2>\n<p style=\"text-align: justify;\">Diferentemente da elei\u00e7\u00e3o para presid\u00eancia da C\u00e2mara dos Deputados, a disputa pela 1\u00aa vice-presid\u00eancia ter\u00e1 que ser decidida no segundo turno. Dos tr\u00eas concorrentes, Lucio Vieira Lima (PMDB-BA) ficou de fora e o cargo est\u00e1 entre F\u00e1bio Ramalho (PMDB-MG) e Osmar Serraglio (PMDB-PR).<\/p>\n<div style=\"text-align: justify;\">O posto est\u00e1 na cota do PMDB, mas o partido n\u00e3o conseguiu chegar a um consenso sobre quem indicar. A disputa representa um racha no partido e a surpresa \u00e9 o fato de Lucio Vieira Lima ter ficado em \u00faltimo. Ele \u00e9 irm\u00e3o de Geddel, ex-ministro de Temer.<\/div>\n<div style=\"text-align: justify;\"><\/div>\n<div>No total, Ramalho fez 192 votos, Serraglio 254 e Lima 133.<\/div>\n<\/div>\n<div><\/div>\n<div><img loading=\"lazy\" decoding=\"async\" class=\"aligncenter size-full wp-image-100145\" src=\"http:\/\/senoticias.com.br\/se\/wp-content\/uploads\/2017\/02\/Logo-fone-1-2-1-2.jpg\" alt=\"Logo-fone-1-2-1-2\" width=\"599\" height=\"78\" srcset=\"https:\/\/senoticias.com.br\/se\/wp-content\/uploads\/2017\/02\/Logo-fone-1-2-1-2.jpg 599w, https:\/\/senoticias.com.br\/se\/wp-content\/uploads\/2017\/02\/Logo-fone-1-2-1-2-300x39.jpg 300w\" sizes=\"(max-width: 599px) 100vw, 599px\" \/><\/div>\n<div>\n<p><em><strong>Acompanhe tamb\u00e9m o SE Not\u00edcias no<\/strong><span class=\"apple-converted-space\"><b>\u00a0<\/b><\/span><strong><a href=\"https:\/\/twitter.com\/Senoticias\" target=\"_blank\">Twitter<\/a>,<\/strong><span class=\"apple-converted-space\"><b>\u00a0<\/b><\/span><strong><a href=\"https:\/\/www.facebook.com\/senoticias1\" target=\"_blank\">Facebook<span class=\"apple-converted-space\">\u00a0<\/span><\/a>e no<\/strong><span class=\"apple-converted-space\"><b>\u00a0<\/b><\/span><strong><a href=\"https:\/\/www.instagram.com\/senoticias\/\" target=\"_blank\">Instagram<\/a><\/strong><\/em><\/p>\n<\/div>\n<div><\/div>\n<div><em>Matheus Teixeira &#8211; Especial para o Correio , Nat\u00e1lia Lambert , Paulo de Tarso Lyra \/<a href=\"http:\/\/www.correiobraziliense.com.br\/app\/noticia\/politica\/2017\/02\/02\/internas_polbraeco,570355\/rodrigo-maia-e-reeleito-como-presidente-da-camara-dos-deputaids.shtml\">Correio Braziliense<\/a><\/em><\/div>\n<div><\/div>\n","protected":false},"excerpt":{"rendered":"<p>O atual presidente da C\u00e2mara dos Deputados, Rodrigo Maia (DEM-RJ), confirmou o favoritismo e se reelegeu, nesta tarde (2\/2), com 293 votos, para comandar a Casa nos pr\u00f3ximos dois anos. Os outros seis concorrentes n\u00e3o conseguiram somar os 258 votos necess\u00e1rios para levar a disputa ao segundo turno e o parlamentar do DEM foi reconduzido [&hellip;]<\/p>\n","protected":false},"author":2,"featured_media":100169,"comment_status":"closed","ping_status":"closed","sticky":false,"template":"","format":"standard","meta":{"footnotes":""},"categories":[15,6],"tags":[],"class_list":{"0":"post-100168","1":"post","2":"type-post","3":"status-publish","4":"format-standard","5":"has-post-thumbnail","7":"category-destaques","8":"category-politica"},"_links":{"self":[{"href":"https:\/\/senoticias.com.br\/se\/wp-json\/wp\/v2\/posts\/100168"}],"collection":[{"href":"https:\/\/senoticias.com.br\/se\/wp-json\/wp\/v2\/posts"}],"about":[{"href":"https:\/\/senoticias.com.br\/se\/wp-json\/wp\/v2\/types\/post"}],"author":[{"embeddable":true,"href":"https:\/\/senoticias.com.br\/se\/wp-json\/wp\/v2\/users\/2"}],"replies":[{"embeddable":true,"href":"https:\/\/senoticias.com.br\/se\/wp-json\/wp\/v2\/comments?post=100168"}],"version-history":[{"count":0,"href":"https:\/\/senoticias.com.br\/se\/wp-json\/wp\/v2\/posts\/100168\/revisions"}],"wp:featuredmedia":[{"embeddable":true,"href":"https:\/\/senoticias.com.br\/se\/wp-json\/wp\/v2\/media\/100169"}],"wp:attachment":[{"href":"https:\/\/senoticias.com.br\/se\/wp-json\/wp\/v2\/media?parent=100168"}],"wp:term":[{"taxonomy":"category","embeddable":true,"href":"https:\/\/senoticias.com.br\/se\/wp-json\/wp\/v2\/categories?post=100168"},{"taxonomy":"post_tag","embeddable":true,"href":"https:\/\/senoticias.com.br\/se\/wp-json\/wp\/v2\/tags?post=100168"}],"curies":[{"name":"wp","href":"https:\/\/api.w.org\/{rel}","templated":true}]}}