{"id":100165,"date":"2017-02-02T13:45:35","date_gmt":"2017-02-02T16:45:35","guid":{"rendered":"http:\/\/senoticias.com.br\/se\/?p=100165"},"modified":"2017-02-02T13:47:51","modified_gmt":"2017-02-02T16:47:51","slug":"edvaldo-nogueira-acompanha-3a-edicao-do-programa-agora-aracaju-vai-ficar-limpa","status":"publish","type":"post","link":"https:\/\/senoticias.com.br\/se\/edvaldo-nogueira-acompanha-3a-edicao-do-programa-agora-aracaju-vai-ficar-limpa\/","title":{"rendered":"Edvaldo Nogueira acompanha 3\u00aa edi\u00e7\u00e3o do programa Agora Aracaju vai ficar limpa"},"content":{"rendered":"<p style=\"text-align: justify;\">Presente a terceira edi\u00e7\u00e3o do programa \u201cAgora Aracaju vai ficar limpa\u201d, o prefeito Edvaldo Nogueira reafirmou, nesta quinta-feira (2), no bairro Coqueiral, que a limpeza p\u00fablica \u00e9 uma das prioridades da sua gest\u00e3o. A prova disso, destacou ele, \u00e9 que s\u00f3 nas duas primeiras etapas do projeto, comandado pela Empresa Municipal de Servi\u00e7os Urbanos (Emsurb), foram recolhidas mais de 730 toneladas de lixo. Nos bairros Coqueiral e Porto Dantas e no residencial Santa Tereza, a previs\u00e3o \u00e9 que sejam coletadas 50 toneladas de lixo.<\/p>\n<div id=\"attachment_100166\" style=\"width: 609px\" class=\"wp-caption aligncenter\"><img loading=\"lazy\" decoding=\"async\" aria-describedby=\"caption-attachment-100166\" class=\"size-full wp-image-100166\" src=\"http:\/\/senoticias.com.br\/se\/wp-content\/uploads\/2017\/02\/Edvaldo-Nogueira-SE-e1486053814384.jpg\" alt=\"Edvaldo Nogueira acompanha 3\u00aa edi\u00e7\u00e3o do programa Agora Aracaju vai ficar limpa. (Foto: Jana\u00edna Santos)\" width=\"599\" height=\"428\" \/><p id=\"caption-attachment-100166\" class=\"wp-caption-text\">Edvaldo Nogueira acompanha 3\u00aa edi\u00e7\u00e3o do programa Agora Aracaju vai ficar limpa. (Foto: Jana\u00edna Santos)<\/p><\/div>\n<p style=\"text-align: justify;\">\u201cTenho apenas um m\u00eas \u00e0 frente da prefeitura, mas j\u00e1 estou recuperando a qualidade de vida dos aracajuanos. O nosso compromisso \u00e9 regularizar a limpeza da cidade, que no ano passado enfrentou greves e viu muito lixo se acumular nas ruas. J\u00e1 demos passos importantes\u201d, disse o prefeito. \u201cNeste primeiro m\u00eas de gest\u00e3o, fiz aquilo que me comprometi: arregacei as mangas, tenho trabalhado diuturnamente, buscando recursos, atuando com criatividade, contando com a coopera\u00e7\u00e3o dos secret\u00e1rios e buscando solu\u00e7\u00f5es para os problemas. S\u00f3 tem 33 dias que sou prefeito, mas j\u00e1 estou fazendo as coisas e recuperando aquilo que ficou sem ser feito nos quatro anos passados\u201d, disse.<\/p>\n<p style=\"text-align: justify;\">Ele ressaltou que os mutir\u00f5es realizados pelo programa criam as condi\u00e7\u00f5es para que a cidade seja completamente limpa o mais r\u00e1pido poss\u00edvel. \u201cComo a cidade estava muito suja, somente a coleta domiciliar do lixo n\u00e3o daria conta de limpar todo o lixo acumulado ao longo da gest\u00e3o anterior, sobretudo no \u00faltimo ano. S\u00f3 na regi\u00e3o do bairro Santa Maria, foram recolhidas 600 toneladas de lixo na primeira edi\u00e7\u00e3o do programa. No Bugio, S\u00e3o Carlos e Jardim Centen\u00e1rio, foram mais 134 toneladas de res\u00edduos. Isso revela a import\u00e2ncia do programa\u201d, destacou. \u201c\u00c9 um trabalho duro, mas a cidade j\u00e1 est\u00e1 mais limpa. Aracaju j\u00e1 sente que tem prefeito\u201d, complementou.<\/p>\n<p style=\"text-align: justify;\">O presidente da Emurb, Mendon\u00e7a Prado, fez um apelo para que a popula\u00e7\u00e3o contribua neste processo de recupera\u00e7\u00e3o da limpeza da cidade. \u201cPor determina\u00e7\u00e3o do prefeito Edvaldo Nogueira, iniciamos a retirada de todo o lixo acumulado onde havia maior concentra\u00e7\u00e3o. Fizemos uma pesquisa e identificamos os bairros Santa Maria, Bugio, Coqueiral e Santos Dumont como as localidades onde havia maior volume de lixo. Por isso, o programa iniciou por estas \u00e1reas. Ao mesmo tempo, estamos regularizando a coleta do lixo domiciliar. Para tanto, esperamos contar com a coopera\u00e7\u00e3o da popula\u00e7\u00e3o para que n\u00e3o volte a depositar lixo nestes pontos de onde j\u00e1 fizemos a coleta. Com o aux\u00edlio de todos, Aracaju voltar\u00e1 a ser a capital da qualidade de vida\u201d, disse.<\/p>\n<p style=\"text-align: justify;\">O presidente da C\u00e2mara, vereador Josenito Vitale, elogiou o programa. \u201c\u00c9 uma atitude fabulosa este programa. Demonstra a preocupa\u00e7\u00e3o do prefeito Edvaldo Nogueira e a efici\u00eancia da gest\u00e3o do presidente da Emsurb, Mendon\u00e7a Prado. Os vereadores s\u00e3o parceiros da prefeitura neste projeto de recupera\u00e7\u00e3o da limpeza da nossa cidade\u201d, afirmou. Al\u00e9m de Nitinho, os vereadores Antonio Bittencourt, Am\u00e9rico de Deus, Manoel Marcos, Soneca, Jason Neto e Zezinho do Bugio acompanharam o in\u00edcio das a\u00e7\u00f5es do programa no bairro Coqueiral.<\/p>\n<p style=\"text-align: justify;\">Para efetivar as a\u00e7\u00f5es do \u201cAgora Aracaju vai ficar limpa\u201d nos bairros Coqueiral, Porto Dantas e residencial Santa Tereza foram mobilizadas quatro ca\u00e7ambas, uma p\u00e1 carregadeira, uma equipe de coleta de entulhos e uma equipe de limpeza, respons\u00e1vel pela varri\u00e7\u00e3o e gadanhamento. Na pr\u00f3xima quinta-feira (9), o programa chegar\u00e1 ao bairro Santos Dumont.<\/p>\n<p style=\"text-align: justify;\">Os secret\u00e1rios municipais Augusto Cesar Viana (Meio Ambiente), Luciano Correia (Comunica\u00e7\u00e3o) e Silvio Santos (Funcaju) tamb\u00e9m compareceram ao evento.<\/p>\n<p><img loading=\"lazy\" decoding=\"async\" class=\"aligncenter size-full wp-image-100145\" src=\"http:\/\/senoticias.com.br\/se\/wp-content\/uploads\/2017\/02\/Logo-fone-1-2-1-2.jpg\" alt=\"Logo-fone-1-2-1-2\" width=\"599\" height=\"78\" srcset=\"https:\/\/senoticias.com.br\/se\/wp-content\/uploads\/2017\/02\/Logo-fone-1-2-1-2.jpg 599w, https:\/\/senoticias.com.br\/se\/wp-content\/uploads\/2017\/02\/Logo-fone-1-2-1-2-300x39.jpg 300w\" sizes=\"(max-width: 599px) 100vw, 599px\" \/><\/p>\n<p><strong>Acompanhe tamb\u00e9m o SE Not\u00edcias no<\/strong><span class=\"apple-converted-space\"><b>\u00a0<\/b><\/span><strong><a href=\"https:\/\/twitter.com\/Senoticias\" target=\"_blank\">Twitter<\/a>,<\/strong><span class=\"apple-converted-space\"><b>\u00a0<\/b><\/span><strong><a href=\"https:\/\/www.facebook.com\/senoticias1\" target=\"_blank\">Facebook<span class=\"apple-converted-space\">\u00a0<\/span><\/a>e no<\/strong><span class=\"apple-converted-space\"><b>\u00a0<\/b><\/span><strong><a href=\"https:\/\/www.instagram.com\/senoticias\/\" target=\"_blank\">Instagram<\/a><\/strong><\/p>\n<p><em>Ascom\/Edvaldo<\/em><\/p>\n","protected":false},"excerpt":{"rendered":"<p>Presente a terceira edi\u00e7\u00e3o do programa \u201cAgora Aracaju vai ficar limpa\u201d, o prefeito Edvaldo Nogueira reafirmou, nesta quinta-feira (2), no bairro Coqueiral, que a limpeza p\u00fablica \u00e9 uma das prioridades da sua gest\u00e3o. A prova disso, destacou ele, \u00e9 que s\u00f3 nas duas primeiras etapas do projeto, comandado pela Empresa Municipal de Servi\u00e7os Urbanos (Emsurb), [&hellip;]<\/p>\n","protected":false},"author":2,"featured_media":100166,"comment_status":"closed","ping_status":"closed","sticky":false,"template":"","format":"standard","meta":{"footnotes":""},"categories":[6],"tags":[],"class_list":{"0":"post-100165","1":"post","2":"type-post","3":"status-publish","4":"format-standard","5":"has-post-thumbnail","7":"category-politica"},"_links":{"self":[{"href":"https:\/\/senoticias.com.br\/se\/wp-json\/wp\/v2\/posts\/100165"}],"collection":[{"href":"https:\/\/senoticias.com.br\/se\/wp-json\/wp\/v2\/posts"}],"about":[{"href":"https:\/\/senoticias.com.br\/se\/wp-json\/wp\/v2\/types\/post"}],"author":[{"embeddable":true,"href":"https:\/\/senoticias.com.br\/se\/wp-json\/wp\/v2\/users\/2"}],"replies":[{"embeddable":true,"href":"https:\/\/senoticias.com.br\/se\/wp-json\/wp\/v2\/comments?post=100165"}],"version-history":[{"count":0,"href":"https:\/\/senoticias.com.br\/se\/wp-json\/wp\/v2\/posts\/100165\/revisions"}],"wp:featuredmedia":[{"embeddable":true,"href":"https:\/\/senoticias.com.br\/se\/wp-json\/wp\/v2\/media\/100166"}],"wp:attachment":[{"href":"https:\/\/senoticias.com.br\/se\/wp-json\/wp\/v2\/media?parent=100165"}],"wp:term":[{"taxonomy":"category","embeddable":true,"href":"https:\/\/senoticias.com.br\/se\/wp-json\/wp\/v2\/categories?post=100165"},{"taxonomy":"post_tag","embeddable":true,"href":"https:\/\/senoticias.com.br\/se\/wp-json\/wp\/v2\/tags?post=100165"}],"curies":[{"name":"wp","href":"https:\/\/api.w.org\/{rel}","templated":true}]}}