{"id":100068,"date":"2017-01-31T06:17:06","date_gmt":"2017-01-31T09:17:06","guid":{"rendered":"http:\/\/senoticias.com.br\/se\/?p=100068"},"modified":"2017-01-31T06:18:16","modified_gmt":"2017-01-31T09:18:16","slug":"eike-batista-vai-prestar-depoimento-na-policia-federal-nesta-terca-feira","status":"publish","type":"post","link":"https:\/\/senoticias.com.br\/se\/eike-batista-vai-prestar-depoimento-na-policia-federal-nesta-terca-feira\/","title":{"rendered":"Eike Batista vai prestar depoimento na Pol\u00edcia Federal nesta ter\u00e7a-feira"},"content":{"rendered":"<p style=\"text-align: justify;\">O empres\u00e1rio Eike Batista prestar\u00e1 depoimento nesta ter\u00e7a-feira (31). Ele ser\u00e1 levado da Penitenci\u00e1ria Bandeira Stampa, conhecida como Bangu 9, no Complexo Penitenci\u00e1rio de Gericin\u00f3, na Zona Oeste, para a sede da Pol\u00edcia Federal no Rio de Janeiro, no Centro da cidade. A previs\u00e3o \u00e9 que o depoimento aconte\u00e7a durante a tarde.<\/p>\n<div id=\"attachment_100069\" style=\"width: 609px\" class=\"wp-caption aligncenter\"><img loading=\"lazy\" decoding=\"async\" aria-describedby=\"caption-attachment-100069\" class=\"size-full wp-image-100069\" src=\"http:\/\/senoticias.com.br\/se\/wp-content\/uploads\/2017\/01\/SENoticias-lava_jato-operacao_eficiencia-eike-prisao_fabio_motta_estadao_conteudo-2.jpg\" alt=\"O empres\u00e1rio Eike Batista deixa o pres\u00eddio Ary Franco, no Rio de Janeiro, e segue para o Complexo Penitenci\u00e1rio de Gericin\u00f3, em Bangu (Foto: F\u00e1bio Motta\/Estad\u00e3o Conte\u00fado)\" width=\"599\" height=\"400\" srcset=\"https:\/\/senoticias.com.br\/se\/wp-content\/uploads\/2017\/01\/SENoticias-lava_jato-operacao_eficiencia-eike-prisao_fabio_motta_estadao_conteudo-2.jpg 599w, https:\/\/senoticias.com.br\/se\/wp-content\/uploads\/2017\/01\/SENoticias-lava_jato-operacao_eficiencia-eike-prisao_fabio_motta_estadao_conteudo-2-300x200.jpg 300w, https:\/\/senoticias.com.br\/se\/wp-content\/uploads\/2017\/01\/SENoticias-lava_jato-operacao_eficiencia-eike-prisao_fabio_motta_estadao_conteudo-2-90x60.jpg 90w, https:\/\/senoticias.com.br\/se\/wp-content\/uploads\/2017\/01\/SENoticias-lava_jato-operacao_eficiencia-eike-prisao_fabio_motta_estadao_conteudo-2-180x120.jpg 180w, https:\/\/senoticias.com.br\/se\/wp-content\/uploads\/2017\/01\/SENoticias-lava_jato-operacao_eficiencia-eike-prisao_fabio_motta_estadao_conteudo-2-95x64.jpg 95w\" sizes=\"(max-width: 599px) 100vw, 599px\" \/><p id=\"caption-attachment-100069\" class=\"wp-caption-text\">O empres\u00e1rio Eike Batista deixa o pres\u00eddio Ary Franco, no Rio de Janeiro, e segue para o Complexo Penitenci\u00e1rio de Gericin\u00f3, em Bangu (Foto: F\u00e1bio Motta\/Estad\u00e3o Conte\u00fado)<\/p><\/div>\n<p style=\"text-align: justify;\">O empres\u00e1rio Eike Batista deixou o pres\u00eddio Ary Franco, na Zona Norte do Rio, por volta das 13h30 desta segunda-feira (30). Com a cabe\u00e7a raspada e uniforme de detento, ele foi colocado dentro de uma viatura, carregando um travesseiro na m\u00e3o, rumo ao Complexo Penitenci\u00e1rio de Gericin\u00f3, em Bangu, na Zona Oeste.<\/p>\n<p style=\"text-align: justify;\">O empres\u00e1rio, que era considerado foragido e estava em Nova York, foi preso ao desembarcar no Gale\u00e3o, pela manh\u00e3.<\/p>\n<div id=\"attachment_100070\" style=\"width: 609px\" class=\"wp-caption aligncenter\"><img loading=\"lazy\" decoding=\"async\" aria-describedby=\"caption-attachment-100070\" class=\"size-full wp-image-100070\" src=\"http:\/\/senoticias.com.br\/se\/wp-content\/uploads\/2017\/01\/SENoticias-lava_jato-operacao_eficiencia-eike-prisao_fabio_motta_estadao_conteudo.jpg\" alt=\"O empres\u00e1rio Eike Batista deixa o pres\u00eddio Ary Franco, no Rio de Janeiro, e segue para o Complexo Penitenci\u00e1rio de Gericin\u00f3, em Bangu (Foto: F\u00e1bio Motta\/Estad\u00e3o Conte\u00fado)\" width=\"599\" height=\"400\" srcset=\"https:\/\/senoticias.com.br\/se\/wp-content\/uploads\/2017\/01\/SENoticias-lava_jato-operacao_eficiencia-eike-prisao_fabio_motta_estadao_conteudo.jpg 599w, https:\/\/senoticias.com.br\/se\/wp-content\/uploads\/2017\/01\/SENoticias-lava_jato-operacao_eficiencia-eike-prisao_fabio_motta_estadao_conteudo-300x200.jpg 300w, https:\/\/senoticias.com.br\/se\/wp-content\/uploads\/2017\/01\/SENoticias-lava_jato-operacao_eficiencia-eike-prisao_fabio_motta_estadao_conteudo-90x60.jpg 90w, https:\/\/senoticias.com.br\/se\/wp-content\/uploads\/2017\/01\/SENoticias-lava_jato-operacao_eficiencia-eike-prisao_fabio_motta_estadao_conteudo-180x120.jpg 180w, https:\/\/senoticias.com.br\/se\/wp-content\/uploads\/2017\/01\/SENoticias-lava_jato-operacao_eficiencia-eike-prisao_fabio_motta_estadao_conteudo-95x64.jpg 95w\" sizes=\"(max-width: 599px) 100vw, 599px\" \/><p id=\"caption-attachment-100070\" class=\"wp-caption-text\">O empres\u00e1rio Eike Batista deixa o pres\u00eddio Ary Franco, no Rio de Janeiro, e segue para o Complexo Penitenci\u00e1rio de Gericin\u00f3, em Bangu (Foto: F\u00e1bio Motta\/Estad\u00e3o Conte\u00fado)<\/p><\/div>\n<p style=\"text-align: justify;\">Segundo as primeiras informa\u00e7\u00f5es, ap\u00f3s a triagem no Ary Franco, foi decidido que o empres\u00e1rio ficar\u00e1 na Cadeia P\u00fablica Bandeira Stampa, conhecida como Bangu 9. O motivo seria a falta de seguran\u00e7a na penitenci\u00e1ria, segundo o Jornal Hoje.<\/p>\n<p style=\"text-align: justify;\">Por n\u00e3o ter n\u00edvel superior, Eike n\u00e3o pode ir para Bangu 8, mesmo pres\u00eddio em que est\u00e1 o ex-governador S\u00e9rgio Cabral e outros presos durante as opera\u00e7\u00f5es Calicute e Efici\u00eancia, desdobramentos da Lava Jato.<br \/>\nSegundo agentes do Servi\u00e7o de Opera\u00e7\u00e3o Especiais da Secretaria de Administra\u00e7\u00e3o Penitenci\u00e1ria (Seap), que fizeram o transporte de Eike para Bangu, o Bandeira Stampa \u00e9 uma cadeia em que n\u00e3o h\u00e1 dom\u00ednio de fac\u00e7\u00e3o criminosa. As celas s\u00e3o para at\u00e9 oito presos, que costumam trabalhar dentro das pr\u00f3prias unidades prisionais \u2013 por isso, ganharam o apelido de &#8220;faxina&#8221;. Entre os detidos est\u00e3o milicianos, alguns ex-PMs e outros ex-servidores.<\/p>\n<p style=\"text-align: justify;\">Eike ficou quase duas horas no Ary Franco. Ele foi preso por agentes da Pol\u00edcia Federal \u00e0s 10h. O empres\u00e1rio \u00e9 suspeito dos crimes de lavagem de dinheiro e corrup\u00e7\u00e3o ativa.<\/p>\n<p style=\"text-align: justify;\">O empres\u00e1rio teve a pris\u00e3o preventiva decretada depois que dois doleiros disseram que ele pagou propina de US$ 16,5 milh\u00f5es a S\u00e9rgio Cabral, o equivalente a R$ 52 milh\u00f5es. A pris\u00e3o preventiva foi decretada pelo juiz Marcelo Bretas, da 7\u00aa Vara Criminal, na opera\u00e7\u00e3o Efici\u00eancia.<\/p>\n<p style=\"text-align: justify;\">O advogado dele, Fernando Martins, estava no Ary Franco quando Eike chegou. \u201cA defesa n\u00e3o teve acesso a ele, n\u00e3o conseguimos tra\u00e7ar a linha de defesa, ent\u00e3o n\u00f3s vamos aguardar e conversar com o cliente. At\u00e9 agora, as medidas jur\u00eddicas que estamos adotando s\u00e3o no sentido de preservar a integridade f\u00edsica dele. N\u00e3o posso acrescentar o que ser\u00e1 feito agora. Ontem, ele deu uma entrevista no sentido que ele disse que passaria a limpo, vai prestar os esclarecimentos necess\u00e1rios. A gente vai definir a linha de defesa em conjunto.\u201d, afirmou.<\/p>\n<p style=\"text-align: justify;\"><strong>Entrevista no aeroporto<\/strong><\/p>\n<p style=\"text-align: justify;\">Antes do embarque em Nova York, Eike disse em entrevista ao rep\u00f3rter Felipe Santana e ao cinegrafista Sherman Costa, da TV Globo, que &#8220;est\u00e1 \u00e0 disposi\u00e7\u00e3o da Justi\u00e7a&#8221;.<\/p>\n<p style=\"text-align: justify;\">&#8220;Acho que o Minist\u00e9rio P\u00fablico est\u00e1 passando o Brasil a limpo de uma maneira fant\u00e1stica. Eu digo que o Brasil que est\u00e1 nascendo agora vai ser diferente. Porque vai pedir suas licen\u00e7as, vai passar pelos procedimentos normais, transparentes, e se voc\u00ea for melhor vai ganhar e acabou a hist\u00f3ria&#8221;, declarou.<\/p>\n<p style=\"text-align: justify;\">&#8220;Estou \u00e0 disposi\u00e7\u00e3o da Justi\u00e7a. Como Brasileiro, estou cumprindo o meu dever. Estou voltando. Essa \u00e9 minha obriga\u00e7\u00e3o (&#8230;) Como estou nessa fase me entregando \u00e0 Justi\u00e7a, \u00e9 melhor n\u00e3o falar nada.&#8221;<\/p>\n<p style=\"text-align: justify;\">No aeroporto, algumas pessoas pedir para tirar fotos com o empres\u00e1rio. Questionado sobre essas atitudes, ele respondeu: &#8220;Carinho [de pessoas] que enxergam que eu devo ter feito muita coisa boa no Brasil, n\u00e9?&#8221;, disse.<\/p>\n<p style=\"text-align: justify;\">Em seguida, um homem que passa por tr\u00e1s de Eike provoca: &#8220;Vai tomar Catuaba Selvagem [bebida barata \u00e0 base de vinho] l\u00e1 com o teu colega Cabral [S\u00e9rgio, ex-governador do Rio]?&#8221;. Eike olha, retorna para a entrevista e diz: &#8220;Paci\u00eancia, \u00e9 assim, n\u00e9?&#8221;.<\/p>\n<p style=\"text-align: justify;\">Em seguida, fala sobre a Opera\u00e7\u00e3o Lava Jato. &#8220;Olha, \u00e9 aquele neg\u00f3cio, se foram cometidos erros, voc\u00ea tem que pagar pelos erros que voc\u00ea fez&#8221;, diz, antes de responder se considera que errou. &#8220;Eu acho que n\u00e3o.&#8221;<\/p>\n<p style=\"text-align: justify;\"><strong>Acompanhe tamb\u00e9m o SE Not\u00edcias no <a href=\"https:\/\/twitter.com\/Senoticias\">Twitter<\/a>, <a href=\"https:\/\/www.facebook.com\/PortalSENoticias\/\">Facebook <\/a>e no <a href=\"https:\/\/www.instagram.com\/senoticias\/\">Instagram<\/a><\/strong><\/p>\n<p style=\"text-align: justify;\"><img loading=\"lazy\" decoding=\"async\" class=\"aligncenter size-full wp-image-100041\" src=\"http:\/\/senoticias.com.br\/se\/wp-content\/uploads\/2017\/01\/Logo-fone-1-2-1-2-4-1.jpg\" alt=\"Logo-fone-1-2-1-2-4\" width=\"599\" height=\"78\" srcset=\"https:\/\/senoticias.com.br\/se\/wp-content\/uploads\/2017\/01\/Logo-fone-1-2-1-2-4-1.jpg 599w, https:\/\/senoticias.com.br\/se\/wp-content\/uploads\/2017\/01\/Logo-fone-1-2-1-2-4-1-300x39.jpg 300w\" sizes=\"(max-width: 599px) 100vw, 599px\" \/><\/p>\n<p><em>Do G1 Rio<\/em><\/p>\n","protected":false},"excerpt":{"rendered":"<p>O empres\u00e1rio Eike Batista prestar\u00e1 depoimento nesta ter\u00e7a-feira (31). Ele ser\u00e1 levado da Penitenci\u00e1ria Bandeira Stampa, conhecida como Bangu 9, no Complexo Penitenci\u00e1rio de Gericin\u00f3, na Zona Oeste, para a sede da Pol\u00edcia Federal no Rio de Janeiro, no Centro da cidade. A previs\u00e3o \u00e9 que o depoimento aconte\u00e7a durante a tarde. O empres\u00e1rio Eike [&hellip;]<\/p>\n","protected":false},"author":2,"featured_media":100069,"comment_status":"closed","ping_status":"closed","sticky":false,"template":"","format":"standard","meta":{"footnotes":""},"categories":[7],"tags":[],"class_list":{"0":"post-100068","1":"post","2":"type-post","3":"status-publish","4":"format-standard","5":"has-post-thumbnail","7":"category-policia"},"_links":{"self":[{"href":"https:\/\/senoticias.com.br\/se\/wp-json\/wp\/v2\/posts\/100068"}],"collection":[{"href":"https:\/\/senoticias.com.br\/se\/wp-json\/wp\/v2\/posts"}],"about":[{"href":"https:\/\/senoticias.com.br\/se\/wp-json\/wp\/v2\/types\/post"}],"author":[{"embeddable":true,"href":"https:\/\/senoticias.com.br\/se\/wp-json\/wp\/v2\/users\/2"}],"replies":[{"embeddable":true,"href":"https:\/\/senoticias.com.br\/se\/wp-json\/wp\/v2\/comments?post=100068"}],"version-history":[{"count":0,"href":"https:\/\/senoticias.com.br\/se\/wp-json\/wp\/v2\/posts\/100068\/revisions"}],"wp:featuredmedia":[{"embeddable":true,"href":"https:\/\/senoticias.com.br\/se\/wp-json\/wp\/v2\/media\/100069"}],"wp:attachment":[{"href":"https:\/\/senoticias.com.br\/se\/wp-json\/wp\/v2\/media?parent=100068"}],"wp:term":[{"taxonomy":"category","embeddable":true,"href":"https:\/\/senoticias.com.br\/se\/wp-json\/wp\/v2\/categories?post=100068"},{"taxonomy":"post_tag","embeddable":true,"href":"https:\/\/senoticias.com.br\/se\/wp-json\/wp\/v2\/tags?post=100068"}],"curies":[{"name":"wp","href":"https:\/\/api.w.org\/{rel}","templated":true}]}}