{"id":100066,"date":"2017-01-31T06:01:52","date_gmt":"2017-01-31T09:01:52","guid":{"rendered":"http:\/\/senoticias.com.br\/se\/?p=100066"},"modified":"2017-01-31T06:01:52","modified_gmt":"2017-01-31T09:01:52","slug":"comissao-de-etica-publica-abre-processo-contra-ex-secretario-da-juventude","status":"publish","type":"post","link":"https:\/\/senoticias.com.br\/se\/comissao-de-etica-publica-abre-processo-contra-ex-secretario-da-juventude\/","title":{"rendered":"Comiss\u00e3o de \u00c9tica P\u00fablica abre processo contra ex-secret\u00e1rio da Juventude"},"content":{"rendered":"<p style=\"text-align: justify;\">A Comiss\u00e3o de \u00c9tica P\u00fablica decidiu abrir um processo para apurar a conduta do ex-secret\u00e1rio nacional da Juventude Bruno Moreira Santos, que deixou o cargo ap\u00f3s declara\u00e7\u00f5es em que defendia mais chacinas nas penitenci\u00e1rias brasileiras. A decis\u00e3o foi tomada de forma un\u00e2nime pelos integrantes do colegiado, que v\u00e3o agora analisar se houve quebra de decoro por parte do ex-secret\u00e1rio enquanto ocupava a fun\u00e7\u00e3o.<\/p>\n<div id=\"attachment_100067\" style=\"width: 609px\" class=\"wp-caption aligncenter\"><img loading=\"lazy\" decoding=\"async\" aria-describedby=\"caption-attachment-100067\" class=\"size-full wp-image-100067\" src=\"http:\/\/senoticias.com.br\/se\/wp-content\/uploads\/2017\/01\/SENot\u00edcias-o-ex-secretario-nacional-de-juventude-bruno-julio-1485811762255_300x300.jpg\" alt=\"O ex-secret\u00e1rio nacional de Juventude, Bruno J\u00falio (Foto: Reprodu\u00e7\u00e3o \/ Uol) \" width=\"599\" height=\"599\" srcset=\"https:\/\/senoticias.com.br\/se\/wp-content\/uploads\/2017\/01\/SENot\u00edcias-o-ex-secretario-nacional-de-juventude-bruno-julio-1485811762255_300x300.jpg 599w, https:\/\/senoticias.com.br\/se\/wp-content\/uploads\/2017\/01\/SENot\u00edcias-o-ex-secretario-nacional-de-juventude-bruno-julio-1485811762255_300x300-150x150.jpg 150w, https:\/\/senoticias.com.br\/se\/wp-content\/uploads\/2017\/01\/SENot\u00edcias-o-ex-secretario-nacional-de-juventude-bruno-julio-1485811762255_300x300-300x300.jpg 300w\" sizes=\"(max-width: 599px) 100vw, 599px\" \/><p id=\"caption-attachment-100067\" class=\"wp-caption-text\">O ex-secret\u00e1rio nacional de Juventude, Bruno J\u00falio (Foto: Reprodu\u00e7\u00e3o \/ Uol)<\/p><\/div>\n<p style=\"text-align: justify;\">De acordo com o presidente da comiss\u00e3o, Mauro Menezes, o fato de Bruno Moreira Santos n\u00e3o ocupar um cargo p\u00fablico n\u00e3o impede que ele receba, por exemplo, a puni\u00e7\u00e3o de censura \u00e9tica. Segundo Menezes, o ex-secret\u00e1rio ocupava um cargo de &#8220;escal\u00e3o elevado&#8221;, embora tenha sido exonerado.<\/p>\n<p style=\"text-align: justify;\">&#8220;Temos que enxergar [poss\u00edveis puni\u00e7\u00f5es] como verdadeiras mensagens claras, como delibera\u00e7\u00f5es que tenham sentido e que de certa forma inibam que estas condutas se repitam. Neste caso, pode haver remessa para o Minist\u00e9rio P\u00fablico ou para outros organismos&#8221;, disse Menezes.<\/p>\n<p style=\"text-align: justify;\">O presidente da comiss\u00e3o disse que nas pr\u00f3ximas horas ser\u00e1 definido um relator para analisar o caso e, a partir da\u00ed, o ex-secret\u00e1rio ter\u00e1 dez dias para se manifestar sobre as declara\u00e7\u00f5es. Diferentemente de outras delibera\u00e7\u00f5es, quando a Comiss\u00e3o de \u00c9tica \u00e9 provocada a abrir procedimentos investigat\u00f3rios, esse processo foi aberto pelo pr\u00f3prio colegiado, a partir da an\u00e1lise do caso pela imprensa.<\/p>\n<p style=\"text-align: justify;\">No in\u00edcio do m\u00eas, o ent\u00e3o secret\u00e1rio, conhecido como Bruno J\u00falio, pediu demiss\u00e3o ap\u00f3s repercuss\u00f5es negativas de uma entrevista que ele concedeu sobre os assassinatos ocorridos durante rebeli\u00e3o em um pres\u00eddio de Roraima. Na ocasi\u00e3o, ele disse que \u201ctinha que matar mais [presos], tinha que fazer uma chacina por semana\u201d.<\/p>\n<p style=\"text-align: justify;\"><strong>Viagens em voos da FAB<\/strong><\/p>\n<p style=\"text-align: justify;\">Mauro Menezes informou tamb\u00e9m que foram solicitadas informa\u00e7\u00f5es complementares ao Minist\u00e9rio da Defesa sobre o caso que apura a conduta de ministros de Estado ao utilizarem avi\u00f5es da For\u00e7a A\u00e9rea Brasileira (FAB) sem compromissos oficiais na agenda. De acordo com Menezes, apesar de manterem o relator [Marcelo Figueiredo], os integrantes do colegiado desmembraram as informa\u00e7\u00f5es em 21 diferentes processos, um para cada ministro.<\/p>\n<p><strong>Acompanhe tamb\u00e9m o SE Not\u00edcias no <a href=\"https:\/\/twitter.com\/Senoticias\">Twitter<\/a>, <a href=\"https:\/\/www.facebook.com\/PortalSENoticias\/\">Facebook <\/a>e no <a href=\"https:\/\/www.instagram.com\/senoticias\/\">Instagram<\/a><\/strong><\/p>\n<p><img loading=\"lazy\" decoding=\"async\" class=\"aligncenter size-full wp-image-100041\" src=\"http:\/\/senoticias.com.br\/se\/wp-content\/uploads\/2017\/01\/Logo-fone-1-2-1-2-4-1.jpg\" alt=\"Logo-fone-1-2-1-2-4\" width=\"599\" height=\"78\" srcset=\"https:\/\/senoticias.com.br\/se\/wp-content\/uploads\/2017\/01\/Logo-fone-1-2-1-2-4-1.jpg 599w, https:\/\/senoticias.com.br\/se\/wp-content\/uploads\/2017\/01\/Logo-fone-1-2-1-2-4-1-300x39.jpg 300w\" sizes=\"(max-width: 599px) 100vw, 599px\" \/><\/p>\n<p><em>Do Ag\u00eancia Brasil<\/em><\/p>\n","protected":false},"excerpt":{"rendered":"<p>A Comiss\u00e3o de \u00c9tica P\u00fablica decidiu abrir um processo para apurar a conduta do ex-secret\u00e1rio nacional da Juventude Bruno Moreira Santos, que deixou o cargo ap\u00f3s declara\u00e7\u00f5es em que defendia mais chacinas nas penitenci\u00e1rias brasileiras. A decis\u00e3o foi tomada de forma un\u00e2nime pelos integrantes do colegiado, que v\u00e3o agora analisar se houve quebra de decoro [&hellip;]<\/p>\n","protected":false},"author":2,"featured_media":100067,"comment_status":"closed","ping_status":"closed","sticky":false,"template":"","format":"standard","meta":{"footnotes":""},"categories":[6],"tags":[],"class_list":{"0":"post-100066","1":"post","2":"type-post","3":"status-publish","4":"format-standard","5":"has-post-thumbnail","7":"category-politica"},"_links":{"self":[{"href":"https:\/\/senoticias.com.br\/se\/wp-json\/wp\/v2\/posts\/100066"}],"collection":[{"href":"https:\/\/senoticias.com.br\/se\/wp-json\/wp\/v2\/posts"}],"about":[{"href":"https:\/\/senoticias.com.br\/se\/wp-json\/wp\/v2\/types\/post"}],"author":[{"embeddable":true,"href":"https:\/\/senoticias.com.br\/se\/wp-json\/wp\/v2\/users\/2"}],"replies":[{"embeddable":true,"href":"https:\/\/senoticias.com.br\/se\/wp-json\/wp\/v2\/comments?post=100066"}],"version-history":[{"count":0,"href":"https:\/\/senoticias.com.br\/se\/wp-json\/wp\/v2\/posts\/100066\/revisions"}],"wp:featuredmedia":[{"embeddable":true,"href":"https:\/\/senoticias.com.br\/se\/wp-json\/wp\/v2\/media\/100067"}],"wp:attachment":[{"href":"https:\/\/senoticias.com.br\/se\/wp-json\/wp\/v2\/media?parent=100066"}],"wp:term":[{"taxonomy":"category","embeddable":true,"href":"https:\/\/senoticias.com.br\/se\/wp-json\/wp\/v2\/categories?post=100066"},{"taxonomy":"post_tag","embeddable":true,"href":"https:\/\/senoticias.com.br\/se\/wp-json\/wp\/v2\/tags?post=100066"}],"curies":[{"name":"wp","href":"https:\/\/api.w.org\/{rel}","templated":true}]}}