{"id":100024,"date":"2017-01-30T13:40:21","date_gmt":"2017-01-30T16:40:21","guid":{"rendered":"http:\/\/senoticias.com.br\/se\/?p=100024"},"modified":"2017-01-30T13:40:21","modified_gmt":"2017-01-30T16:40:21","slug":"carmen-lucia-homologa-delacoes-da-odebrecht-na-lava-jato","status":"publish","type":"post","link":"https:\/\/senoticias.com.br\/se\/carmen-lucia-homologa-delacoes-da-odebrecht-na-lava-jato\/","title":{"rendered":"C\u00e1rmen L\u00facia homologa dela\u00e7\u00f5es da Odebrecht na Lava Jato"},"content":{"rendered":"<p style=\"text-align: justify\">A presidente do Supremo Tribunal Federal (STF), ministra C\u00e1rmen L\u00facia, homologou as dela\u00e7\u00f5es de 77 executivos e ex-funcion\u00e1rios da empresa Odebrecht, nas quais eles detalham o esquema de corrup\u00e7\u00e3o na Petrobras investigado na Opera\u00e7\u00e3o Lava Jato.<\/p>\n<div id=\"attachment_99883\" style=\"width: 609px\" class=\"wp-caption aligncenter\"><a href=\"http:\/\/senoticias.com.br\/se\/wp-content\/uploads\/2017\/01\/SENot\u00edcias-carmem1485364274.jpg\"><img loading=\"lazy\" decoding=\"async\" aria-describedby=\"caption-attachment-99883\" class=\"size-full wp-image-99883\" src=\"http:\/\/senoticias.com.br\/se\/wp-content\/uploads\/2017\/01\/SENot\u00edcias-carmem1485364274.jpg\" alt=\" (Foto: Reprodu\u00e7\u00e3o) \" width=\"599\" height=\"398\" srcset=\"https:\/\/senoticias.com.br\/se\/wp-content\/uploads\/2017\/01\/SENot\u00edcias-carmem1485364274.jpg 599w, https:\/\/senoticias.com.br\/se\/wp-content\/uploads\/2017\/01\/SENot\u00edcias-carmem1485364274-300x199.jpg 300w, https:\/\/senoticias.com.br\/se\/wp-content\/uploads\/2017\/01\/SENot\u00edcias-carmem1485364274-90x60.jpg 90w, https:\/\/senoticias.com.br\/se\/wp-content\/uploads\/2017\/01\/SENot\u00edcias-carmem1485364274-180x120.jpg 180w, https:\/\/senoticias.com.br\/se\/wp-content\/uploads\/2017\/01\/SENot\u00edcias-carmem1485364274-95x64.jpg 95w\" sizes=\"(max-width: 599px) 100vw, 599px\" \/><\/a><p id=\"caption-attachment-99883\" class=\"wp-caption-text\">(Foto: Reprodu\u00e7\u00e3o)<\/p><\/div>\n<p style=\"text-align: justify\">Com isso, os mais de 800 depoimentos prestados pelos executivos e ex-funcion\u00e1rios da Odebrecht ao Minist\u00e9rio P\u00fablico Federal (MPF) se tornaram v\u00e1lidos juridicamente, isto \u00e9, podem ser utilizados como prova.<\/p>\n<p style=\"text-align: justify\">A expectativa agora \u00e9 saber se C\u00e1rmen L\u00facia ir\u00e1 retirar o sigilo das dela\u00e7\u00f5es, nas quais os ex-executivos citam dezenas de pol\u00edticos com mandato em curso como envolvidos no pagamento de propinas. Entre os delatores est\u00e1 o ex-presidente do grupo, Marcelo Odebrecht, que encontra-se preso desde 2015 em Curitiba e j\u00e1 foi condenado a 19 anos de pris\u00e3o pela primeira inst\u00e2ncia da Justi\u00e7a Federal.<\/p>\n<p style=\"text-align: justify\">A homologa\u00e7\u00e3o ocorre ap\u00f3s a morte do relator da Lava Jato no STF, ministro Teori Zavascki, na semana passada, na queda de um avi\u00e3o no mar pr\u00f3ximo a Paraty (RJ). Ele trabalhava durante o recesso do Judici\u00e1rio para conseguir homologar rapidamente as dela\u00e7\u00f5es.<\/p>\n<p style=\"text-align: justify\">Ap\u00f3s a morte de Teori, restou \u00e0 ministra C\u00e1rmen L\u00facia a prerrogativa de poder homologar as dela\u00e7\u00f5es durante o recesso do Judici\u00e1rio, por ser presidente do Supremo.<\/p>\n<p>Ap\u00f3s o recesso, que termina amanh\u00e3 (31), C\u00e1rmen L\u00facia n\u00e3o mais poder\u00e1 tomar decis\u00f5es ligadas \u00e0 Lava Jato, que ficar\u00e3o a cargo do pr\u00f3ximo relator da opera\u00e7\u00e3o no Supremo.<\/p>\n<p>A defini\u00e7\u00e3o do pr\u00f3ximo relator ainda \u00e9 tema de especula\u00e7\u00e3o no STF, uma vez que o regimento interno prev\u00ea diferentes sa\u00eddas. N\u00e3o se sabe, por exemplo, se o pr\u00f3ximo ministro respons\u00e1vel pela Lava Jato ser\u00e1 sorteado entre todos que comp\u00f5em o pleno ou somente entre os que integram a segunda turma, colegiado do qual Teori fazia parte.<\/p>\n<p style=\"text-align: justify\"><strong>Departamento da propina<\/strong><\/p>\n<p style=\"text-align: justify\">Segundo investiga\u00e7\u00f5es da Pol\u00edcia Federal (PF), autorizadas pelo juiz federal S\u00e9rgio Moro, em Curitiba, a Odebrecht mantinha dentro de seu organograma um <a href=\"http:\/\/agenciabrasil.ebc.com.br\/geral\/noticia\/2016-03\/odebrecht-mantinha-setor-dedicado-somente-ao-pagamento-de-propinas-diz-pf\" target=\"_blank\">departamento oculto<\/a> destinado somente ao pagamento de propinas, chamado Setor de Opera\u00e7\u00f5es Estruturadas.<\/p>\n<p style=\"text-align: justify\">De acordo com a for\u00e7a-tarefa da Lava Jato, havia funcion\u00e1rios exclusivamente dedicados a processar os pagamentos, que eram autorizados diretamente pela c\u00fapula da empresa.<\/p>\n<p style=\"text-align: justify\">Tudo era registrado por meio de um sofisticado sistema de computadores, com servidores na Su\u00ed\u00e7a, e cujo conte\u00fado o Minist\u00e9rio P\u00fablico Federal ainda se esfor\u00e7a para ter acesso, devido ao r\u00edgidos protocolos de seguran\u00e7a do sistema.<\/p>\n<p style=\"text-align: justify\">Em mar\u00e7o do ano passado, na 23\u00aa fase da Lava Jato, denominada Opera\u00e7\u00e3o Acaraj\u00e9, a PF apreendeu na casa do ex-executivo da Odebrecht Benedicto Barbosa da Silva J\u00fanior uma planilha na qual est\u00e3o listados pagamentos a mais de 200 pol\u00edticos. A lista encontra-se <a href=\"http:\/\/%28http\/\/agenciabrasil.ebc.com.br\/politica\/noticia\/2016-03\/moro-impoe-sigilo-lista-de-politicos-que-receberam-dinheiro-da-odebrecht\" target=\"_blank\">sob sigilo<\/a>.<\/p>\n<p style=\"text-align: justify\">Os esquemas il\u00edcitos da empresa se espalham al\u00e9m das fronteiras brasileiras. A Odebrecht \u00e9 investigada pelo menos em mais tr\u00eas pa\u00edses da Am\u00e9rica Latina: Peru, Venezuela e Equador. Em um acordo de leni\u00eancia firmado com os Estados Unidos no final de dezembro, a empresa admitiu o pagamento de R$ 3,3 bilh\u00f5es em propinas para funcion\u00e1rios de <a href=\"http:\/\/agenciabrasil.ebc.com.br\/politica\/noticia\/2016-12\/odebrecht-admite-ter-pago-mais-de-r-33-bilhoes-em-propina-em-12-paises\" target=\"_blank\">governos de 12 pa\u00edses<\/a>.<\/p>\n<p><em>Mat\u00e9ria alterada \u00e0s 10h03 de hoje (30) para atualiza\u00e7\u00e3o<\/em><\/p>\n<p style=\"line-height: 14.25pt\"><strong><span style=\"font-size: 10.0pt;font-family: 'Georgia','serif';color: #333333\">Acompanhe tamb\u00e9m o SE Not\u00edcias no<\/span><\/strong><span class=\"apple-converted-space\"><b><span style=\"font-size: 10.0pt;font-family: 'Georgia','serif';color: #333333\">\u00a0<\/span><\/b><\/span><a href=\"https:\/\/twitter.com\/Senoticias\" target=\"_blank\"><b><span style=\"font-size: 10.0pt;font-family: 'Georgia','serif'\">Twitter<\/span><\/b><\/a><strong><span style=\"font-size: 10.0pt;font-family: 'Georgia','serif';color: #333333\">,<\/span><\/strong><span class=\"apple-converted-space\"><b><span style=\"font-size: 10.0pt;font-family: 'Georgia','serif';color: #333333\">\u00a0<\/span><\/b><\/span><a href=\"https:\/\/www.facebook.com\/senoticias1\" target=\"_blank\"><b><span style=\"font-size: 10.0pt;font-family: 'Georgia','serif'\">Facebook<\/span><\/b><span class=\"apple-converted-space\"><b><span style=\"font-size: 10.0pt;font-family: 'Georgia','serif';color: windowtext;text-decoration: none\">\u00a0<\/span><\/b><\/span><\/a><strong><span style=\"font-size: 10.0pt;font-family: 'Georgia','serif';color: #333333\">e no<\/span><\/strong><span class=\"apple-converted-space\"><b><span style=\"font-size: 10.0pt;font-family: 'Georgia','serif';color: #333333\">\u00a0<\/span><\/b><\/span><a href=\"https:\/\/www.instagram.com\/senoticias\/\" target=\"_blank\"><b><span style=\"font-size: 10.0pt;font-family: 'Georgia','serif'\">Instagram<\/span><\/b><\/a><strong><span style=\"font-size: 10.0pt;font-family: 'Georgia','serif';color: #333333\">.<\/span><\/strong><\/p>\n<p style=\"line-height: 14.25pt\"><a href=\"http:\/\/senoticias.com.br\/se\/wp-content\/uploads\/2017\/01\/Logo-fone-1-2-1-2-4.jpg\"><img loading=\"lazy\" decoding=\"async\" class=\"aligncenter size-full wp-image-99844\" src=\"http:\/\/senoticias.com.br\/se\/wp-content\/uploads\/2017\/01\/Logo-fone-1-2-1-2-4.jpg\" alt=\"Logo-fone-1-2-1-2\" width=\"599\" height=\"78\" srcset=\"https:\/\/senoticias.com.br\/se\/wp-content\/uploads\/2017\/01\/Logo-fone-1-2-1-2-4.jpg 599w, https:\/\/senoticias.com.br\/se\/wp-content\/uploads\/2017\/01\/Logo-fone-1-2-1-2-4-300x39.jpg 300w\" sizes=\"(max-width: 599px) 100vw, 599px\" \/><\/a><\/p>\n<p style=\"line-height: 14.25pt\">Da Ag\u00eancia Brasil<\/p>\n","protected":false},"excerpt":{"rendered":"<p>A presidente do Supremo Tribunal Federal (STF), ministra C\u00e1rmen L\u00facia, homologou as dela\u00e7\u00f5es de 77 executivos e ex-funcion\u00e1rios da empresa Odebrecht, nas quais eles detalham o esquema de corrup\u00e7\u00e3o na Petrobras investigado na Opera\u00e7\u00e3o Lava Jato. Com isso, os mais de 800 depoimentos prestados pelos executivos e ex-funcion\u00e1rios da Odebrecht ao Minist\u00e9rio P\u00fablico Federal (MPF) [&hellip;]<\/p>\n","protected":false},"author":5618,"featured_media":99883,"comment_status":"closed","ping_status":"closed","sticky":false,"template":"","format":"standard","meta":{"footnotes":""},"categories":[6],"tags":[2149],"class_list":{"0":"post-100024","1":"post","2":"type-post","3":"status-publish","4":"format-standard","5":"has-post-thumbnail","7":"category-politica","8":"tag-carmen-lucia-homologa-delacoes-da-odebrecht-na-lava-jato"},"_links":{"self":[{"href":"https:\/\/senoticias.com.br\/se\/wp-json\/wp\/v2\/posts\/100024"}],"collection":[{"href":"https:\/\/senoticias.com.br\/se\/wp-json\/wp\/v2\/posts"}],"about":[{"href":"https:\/\/senoticias.com.br\/se\/wp-json\/wp\/v2\/types\/post"}],"author":[{"embeddable":true,"href":"https:\/\/senoticias.com.br\/se\/wp-json\/wp\/v2\/users\/5618"}],"replies":[{"embeddable":true,"href":"https:\/\/senoticias.com.br\/se\/wp-json\/wp\/v2\/comments?post=100024"}],"version-history":[{"count":0,"href":"https:\/\/senoticias.com.br\/se\/wp-json\/wp\/v2\/posts\/100024\/revisions"}],"wp:featuredmedia":[{"embeddable":true,"href":"https:\/\/senoticias.com.br\/se\/wp-json\/wp\/v2\/media\/99883"}],"wp:attachment":[{"href":"https:\/\/senoticias.com.br\/se\/wp-json\/wp\/v2\/media?parent=100024"}],"wp:term":[{"taxonomy":"category","embeddable":true,"href":"https:\/\/senoticias.com.br\/se\/wp-json\/wp\/v2\/categories?post=100024"},{"taxonomy":"post_tag","embeddable":true,"href":"https:\/\/senoticias.com.br\/se\/wp-json\/wp\/v2\/tags?post=100024"}],"curies":[{"name":"wp","href":"https:\/\/api.w.org\/{rel}","templated":true}]}}