{"id":100023,"date":"2017-01-30T13:31:57","date_gmt":"2017-01-30T16:31:57","guid":{"rendered":"http:\/\/senoticias.com.br\/se\/?p=100023"},"modified":"2017-01-30T13:31:57","modified_gmt":"2017-01-30T16:31:57","slug":"resultado-do-sisu-ja-esta-disponivel","status":"publish","type":"post","link":"https:\/\/senoticias.com.br\/se\/resultado-do-sisu-ja-esta-disponivel\/","title":{"rendered":"Resultado do Sisu j\u00e1 est\u00e1 dispon\u00edvel"},"content":{"rendered":"<p style=\"text-align: justify\">O resultado do Sistema de Sele\u00e7\u00e3o Unificada (Sisu) est\u00e1 dispon\u00edvel no <a href=\"http:\/\/sisu.mec.gov.br\/\">site do programa<\/a>. Os estudantes j\u00e1 podem consultar se conseguiram a vaga que pleitearam no ensino superior p\u00fablico. Ao todo, s\u00e3o ofertadas 238.397 vagas em 131 institui\u00e7\u00f5es p\u00fablicas, entre universidades federais e estaduais, institutos federais e institui\u00e7\u00f5es estaduais.<\/p>\n<div id=\"attachment_92432\" style=\"width: 606px\" class=\"wp-caption aligncenter\"><a href=\"http:\/\/senoticias.com.br\/se\/wp-content\/uploads\/2016\/05\/Candidatos-podem-consultar-vagas-disponiveis-no-Sisu-inscricoes-comecam-amanha-SE-Noticias-e1464531263129.jpg\"><img loading=\"lazy\" decoding=\"async\" aria-describedby=\"caption-attachment-92432\" class=\"size-full wp-image-92432\" src=\"http:\/\/senoticias.com.br\/se\/wp-content\/uploads\/2016\/05\/Candidatos-podem-consultar-vagas-disponiveis-no-Sisu-inscricoes-comecam-amanha-SE-Noticias-e1464531263129.jpg\" alt=\". Foto Arquivo.\" width=\"596\" height=\"335\" \/><\/a><p id=\"caption-attachment-92432\" class=\"wp-caption-text\">. Foto Arquivo.<\/p><\/div>\n<p style=\"text-align: justify\">Ap\u00f3s estudantes manifestarem dificuldades em acessar o sistema, o Minist\u00e9rio da Educa\u00e7\u00e3o (MEC) decidiu prorrogar o per\u00edodo de inscri\u00e7\u00e3o. Inicialmente, o prazo terminaria no dia 27 mas, com as falhas no site, foram prorrogadas at\u00e9 ontem (29). A data do resultado, no entanto, foi mantida. O per\u00edodo de matr\u00edcula ser\u00e1 de 3 a 7 de fevereiro.<\/p>\n<p style=\"text-align: justify\"><strong>Demora na divulga\u00e7\u00e3o do resultado<\/strong><\/p>\n<p style=\"text-align: justify\">O MEC n\u00e3o especificou a que horas o resultado seria divulgado. A espera gerou ansiedade nas redes sociais. &#8220;A \u00fanica coisa que o MEC faz com pontualidade \u00e9 fechar o port\u00e3o do ENEM e fechar o sisu mas divulgar o resultado nada n\u00e9&#8221;, diz um usu\u00e1rio no Twitter.<\/p>\n<p style=\"text-align: justify\">Outro comparou o resultado da prova a um novo amor: &#8220;Dormi pensando no sisu acordei pensando no sisu, parece at\u00e9 que t\u00f4 apaixonada de novo&#8230;&#8221;, diz. &#8220;O Sisu deveria dar vaga pra n\u00f3s s\u00f3 pelo fato da gente ficar de plant\u00e3o no site&#8221;, defendeu outra usu\u00e1ria do microblog.<\/p>\n<p style=\"text-align: justify\"><strong>Lista de espera<\/strong><\/p>\n<p style=\"text-align: justify\">Os candidatos que n\u00e3o forem selecionados na chamada regular poder\u00e3o participar, a partir de hoje (30) da lista de espera. Isso pode ser feito at\u00e9 10 de fevereiro. Esses candidatos ser\u00e3o convocados a partir do dia 16 de fevereiro, caso haja vagas remanescentes.<\/p>\n<p style=\"text-align: justify\">Para partipar da lista, basta acessar o site e clicar no campo correspondente para acess\u00e1-la. \u00c9 necess\u00e1rio fazer o login com o n\u00famero de inscri\u00e7\u00e3o e a senha escolhidas na hora do cadastro no Exame Nacional do Ensino M\u00e9dio (Enem). A lista \u00e9 para a primeira op\u00e7\u00e3o de curso feita pelo estudante.<\/p>\n<p style=\"text-align: justify\">O Sisu seleciona os estudantes com base na nota do Exame Nacional do Ensino M\u00e9dio (Enem). Cabe a cada institui\u00e7\u00e3o definir o c\u00e1lculo que utilizar\u00e1 para a sele\u00e7\u00e3o dos novos alunos. Para participar do processo, o estudante n\u00e3o pode ter tirado nota zero na reda\u00e7\u00e3o do exame. Ao todo, mais de 6,1 milh\u00f5es fizeram o Enem em 2016.<\/p>\n<p style=\"line-height: 14.25pt;text-align: justify\"><strong><span style=\"font-size: 10.0pt;font-family: 'Georgia','serif';color: #333333\">Acompanhe tamb\u00e9m o SE Not\u00edcias no<\/span><\/strong><span class=\"apple-converted-space\"><b><span style=\"font-size: 10.0pt;font-family: 'Georgia','serif';color: #333333\">\u00a0<\/span><\/b><\/span><a href=\"https:\/\/twitter.com\/Senoticias\" target=\"_blank\"><b><span style=\"font-size: 10.0pt;font-family: 'Georgia','serif'\">Twitter<\/span><\/b><\/a><strong><span style=\"font-size: 10.0pt;font-family: 'Georgia','serif';color: #333333\">,<\/span><\/strong><span class=\"apple-converted-space\"><b><span style=\"font-size: 10.0pt;font-family: 'Georgia','serif';color: #333333\">\u00a0<\/span><\/b><\/span><a href=\"https:\/\/www.facebook.com\/senoticias1\" target=\"_blank\"><b><span style=\"font-size: 10.0pt;font-family: 'Georgia','serif'\">Facebook<\/span><\/b><span class=\"apple-converted-space\"><b><span style=\"font-size: 10.0pt;font-family: 'Georgia','serif';color: windowtext;text-decoration: none\">\u00a0<\/span><\/b><\/span><\/a><strong><span style=\"font-size: 10.0pt;font-family: 'Georgia','serif';color: #333333\">e no<\/span><\/strong><span class=\"apple-converted-space\"><b><span style=\"font-size: 10.0pt;font-family: 'Georgia','serif';color: #333333\">\u00a0<\/span><\/b><\/span><a href=\"https:\/\/www.instagram.com\/senoticias\/\" target=\"_blank\"><b><span style=\"font-size: 10.0pt;font-family: 'Georgia','serif'\">Instagram<\/span><\/b><\/a><strong><span style=\"font-size: 10.0pt;font-family: 'Georgia','serif';color: #333333\">.<\/span><\/strong><\/p>\n<p style=\"line-height: 14.25pt;text-align: justify\"><a href=\"http:\/\/senoticias.com.br\/se\/wp-content\/uploads\/2017\/01\/Logo-fone-1-2-1-2-4.jpg\"><img loading=\"lazy\" decoding=\"async\" class=\"aligncenter size-full wp-image-99844\" src=\"http:\/\/senoticias.com.br\/se\/wp-content\/uploads\/2017\/01\/Logo-fone-1-2-1-2-4.jpg\" alt=\"Logo-fone-1-2-1-2\" width=\"599\" height=\"78\" srcset=\"https:\/\/senoticias.com.br\/se\/wp-content\/uploads\/2017\/01\/Logo-fone-1-2-1-2-4.jpg 599w, https:\/\/senoticias.com.br\/se\/wp-content\/uploads\/2017\/01\/Logo-fone-1-2-1-2-4-300x39.jpg 300w\" sizes=\"(max-width: 599px) 100vw, 599px\" \/><\/a><\/p>\n<p style=\"line-height: 14.25pt;text-align: justify\">Da Ag\u00eancia Brasil<\/p>\n","protected":false},"excerpt":{"rendered":"<p>O resultado do Sistema de Sele\u00e7\u00e3o Unificada (Sisu) est\u00e1 dispon\u00edvel no site do programa. Os estudantes j\u00e1 podem consultar se conseguiram a vaga que pleitearam no ensino superior p\u00fablico. Ao todo, s\u00e3o ofertadas 238.397 vagas em 131 institui\u00e7\u00f5es p\u00fablicas, entre universidades federais e estaduais, institutos federais e institui\u00e7\u00f5es estaduais. Ap\u00f3s estudantes manifestarem dificuldades em acessar [&hellip;]<\/p>\n","protected":false},"author":5618,"featured_media":92432,"comment_status":"closed","ping_status":"closed","sticky":false,"template":"","format":"standard","meta":{"footnotes":""},"categories":[44],"tags":[2148],"class_list":{"0":"post-100023","1":"post","2":"type-post","3":"status-publish","4":"format-standard","5":"has-post-thumbnail","7":"category-educacao","8":"tag-resultado-do-sisu-ja-esta-disponivel"},"_links":{"self":[{"href":"https:\/\/senoticias.com.br\/se\/wp-json\/wp\/v2\/posts\/100023"}],"collection":[{"href":"https:\/\/senoticias.com.br\/se\/wp-json\/wp\/v2\/posts"}],"about":[{"href":"https:\/\/senoticias.com.br\/se\/wp-json\/wp\/v2\/types\/post"}],"author":[{"embeddable":true,"href":"https:\/\/senoticias.com.br\/se\/wp-json\/wp\/v2\/users\/5618"}],"replies":[{"embeddable":true,"href":"https:\/\/senoticias.com.br\/se\/wp-json\/wp\/v2\/comments?post=100023"}],"version-history":[{"count":0,"href":"https:\/\/senoticias.com.br\/se\/wp-json\/wp\/v2\/posts\/100023\/revisions"}],"wp:featuredmedia":[{"embeddable":true,"href":"https:\/\/senoticias.com.br\/se\/wp-json\/wp\/v2\/media\/92432"}],"wp:attachment":[{"href":"https:\/\/senoticias.com.br\/se\/wp-json\/wp\/v2\/media?parent=100023"}],"wp:term":[{"taxonomy":"category","embeddable":true,"href":"https:\/\/senoticias.com.br\/se\/wp-json\/wp\/v2\/categories?post=100023"},{"taxonomy":"post_tag","embeddable":true,"href":"https:\/\/senoticias.com.br\/se\/wp-json\/wp\/v2\/tags?post=100023"}],"curies":[{"name":"wp","href":"https:\/\/api.w.org\/{rel}","templated":true}]}}