{"id":100022,"date":"2017-01-30T13:26:35","date_gmt":"2017-01-30T16:26:35","guid":{"rendered":"http:\/\/senoticias.com.br\/se\/?p=100022"},"modified":"2017-01-30T13:26:35","modified_gmt":"2017-01-30T16:26:35","slug":"confira-as-datas-do-sisu-prouni-e-fies-processos-seletivos-que-usam-o-enem","status":"publish","type":"post","link":"https:\/\/senoticias.com.br\/se\/confira-as-datas-do-sisu-prouni-e-fies-processos-seletivos-que-usam-o-enem\/","title":{"rendered":"Confira as datas do Sisu, ProUni e Fies, processos seletivos que usam o Enem"},"content":{"rendered":"<p style=\"text-align: justify\">O Minist\u00e9rio da Educa\u00e7\u00e3o (MEC) anunciou hoje (18) o calend\u00e1rio dos processos seletivos que utilizam o Exame Nacional do Ensino M\u00e9dio (Enem) para acesso ao ensino superior. Os processos s\u00e3o todos <em>online<\/em> e podem ser acessados a partir do <em>site <\/em>do MEC. Para participar de todos eles, o estudante precisa pelo menos n\u00e3o ter zerado a reda\u00e7\u00e3o.<\/p>\n<div id=\"attachment_88496\" style=\"width: 606px\" class=\"wp-caption aligncenter\"><a href=\"http:\/\/senoticias.com.br\/se\/wp-content\/uploads\/2016\/02\/Agencia-Brasil041211WDO_1416-e1453641008890.jpg\"><img loading=\"lazy\" decoding=\"async\" aria-describedby=\"caption-attachment-88496\" class=\"size-full wp-image-88496\" src=\"http:\/\/senoticias.com.br\/se\/wp-content\/uploads\/2016\/02\/Agencia-Brasil041211WDO_1416-e1453641008890.jpg\" alt=\" (Foto: arquivo\/Wilson Dias\/Ag\u00eancia Brasil)\" width=\"596\" height=\"397\" srcset=\"https:\/\/senoticias.com.br\/se\/wp-content\/uploads\/2016\/02\/Agencia-Brasil041211WDO_1416-e1453641008890.jpg 596w, https:\/\/senoticias.com.br\/se\/wp-content\/uploads\/2016\/02\/Agencia-Brasil041211WDO_1416-e1453641008890-300x199.jpg 300w, https:\/\/senoticias.com.br\/se\/wp-content\/uploads\/2016\/02\/Agencia-Brasil041211WDO_1416-e1453641008890-342x227.jpg 342w\" sizes=\"(max-width: 596px) 100vw, 596px\" \/><\/a><p id=\"caption-attachment-88496\" class=\"wp-caption-text\">(Foto: arquivo\/Wilson Dias\/Ag\u00eancia Brasil)<\/p><\/div>\n<p style=\"text-align: justify\">O primeiro processo seletivo a ser aberto \u00e9 o Sistema de Sele\u00e7\u00e3o Unificada (Sisu), cujas inscri\u00e7\u00f5es ser\u00e3o de 24 a 29 de janeiro. O Sisu oferece vagas em institui\u00e7\u00f5es p\u00fablicas de ensino superior. Nesta edi\u00e7\u00e3o ser\u00e3o ofertadas 238 mil vagas em 131 universidades federais e estaduais e institutos federais e institui\u00e7\u00f5es estaduais. A partir de amanh\u00e3 (19), as vagas estar\u00e3o dispon\u00edveis na internet para consulta.<\/p>\n<p style=\"text-align: justify\">O Programa Universidade para Todos (ProUni) abre o processo seletivo no dia 31 de janeiro e encerra no dia 3 de fevereiro. O ProUni oferece bolsas de estudo integrais e parciais em institui\u00e7\u00f5es particulares de ensino. \u00c9 exigida tamb\u00e9m a nota m\u00ednima de 450 pontos na m\u00e9dia das provas do Enem.<\/p>\n<p style=\"text-align: justify\">O Fundo de Financiamento Estudantil (Fies) ter\u00e1 as inscri\u00e7\u00f5es abertas entre 7 e 10 de fevereiro. O Fies oferece financiamento em institui\u00e7\u00f5es particulares a estudantes que obtiveram pelo menos 450 pontos na m\u00e9dia do Enem e n\u00e3o zeraram a reda\u00e7\u00e3o.<\/p>\n<p style=\"text-align: justify\"><strong>Nota do Enem<\/strong><\/p>\n<p style=\"text-align: justify\">O Instituto Nacional de Estudos e Pesquisas Educacionais An\u00edsio Teixeira (Inep) liberou hoje o resultado do Enem 2016. Os cerca de 6 milh\u00f5es de candidatos que fizeram as provas j\u00e1 podem conferir as notas na <a href=\"http:\/\/enem.inep.gov.br\/participante\/#\/inicial\" target=\"_blank\">p\u00e1gina do participante do Enem<\/a>. Para acessar, \u00e9 necess\u00e1rio informar o CPF e a senha escolhida na hora da inscri\u00e7\u00e3o. Segundo balan\u00e7o do MEC, at\u00e9 o final da manh\u00e3, 1,3 millh\u00e3o j\u00e1 haviam consultado a nota.<\/p>\n<p style=\"text-align: justify\">Os estudantes t\u00eam acesso a uma tabela com a nota obtida em cada uma das provas: linguagens, matem\u00e1tica, ci\u00eancias humanas, ci\u00eancias da natureza e reda\u00e7\u00e3o. Eles ainda n\u00e3o t\u00eam, no entanto, acesso ao espelho da reda\u00e7\u00e3o, com a corre\u00e7\u00e3o mais detalhada do texto, que ser\u00e1 divulgado posteriormente.<\/p>\n<p style=\"line-height: 14.25pt\"><strong><span style=\"font-size: 10.0pt;font-family: 'Georgia','serif';color: #333333\">Acompanhe tamb\u00e9m o SE Not\u00edcias no<\/span><\/strong><span class=\"apple-converted-space\"><b><span style=\"font-size: 10.0pt;font-family: 'Georgia','serif';color: #333333\">\u00a0<\/span><\/b><\/span><a href=\"https:\/\/twitter.com\/Senoticias\" target=\"_blank\"><b><span style=\"font-size: 10.0pt;font-family: 'Georgia','serif'\">Twitter<\/span><\/b><\/a><strong><span style=\"font-size: 10.0pt;font-family: 'Georgia','serif';color: #333333\">,<\/span><\/strong><span class=\"apple-converted-space\"><b><span style=\"font-size: 10.0pt;font-family: 'Georgia','serif';color: #333333\">\u00a0<\/span><\/b><\/span><a href=\"https:\/\/www.facebook.com\/senoticias1\" target=\"_blank\"><b><span style=\"font-size: 10.0pt;font-family: 'Georgia','serif'\">Facebook<\/span><\/b><span class=\"apple-converted-space\"><b><span style=\"font-size: 10.0pt;font-family: 'Georgia','serif';color: windowtext;text-decoration: none\">\u00a0<\/span><\/b><\/span><\/a><strong><span style=\"font-size: 10.0pt;font-family: 'Georgia','serif';color: #333333\">e no<\/span><\/strong><span class=\"apple-converted-space\"><b><span style=\"font-size: 10.0pt;font-family: 'Georgia','serif';color: #333333\">\u00a0<\/span><\/b><\/span><a href=\"https:\/\/www.instagram.com\/senoticias\/\" target=\"_blank\"><b><span style=\"font-size: 10.0pt;font-family: 'Georgia','serif'\">Instagram<\/span><\/b><\/a><strong><span style=\"font-size: 10.0pt;font-family: 'Georgia','serif';color: #333333\">.<\/span><\/strong><\/p>\n<p style=\"line-height: 14.25pt\"><a href=\"http:\/\/senoticias.com.br\/se\/wp-content\/uploads\/2017\/01\/Logo-fone-1-2-1-2-4.jpg\"><img loading=\"lazy\" decoding=\"async\" class=\"aligncenter size-full wp-image-99844\" src=\"http:\/\/senoticias.com.br\/se\/wp-content\/uploads\/2017\/01\/Logo-fone-1-2-1-2-4.jpg\" alt=\"Logo-fone-1-2-1-2\" width=\"599\" height=\"78\" srcset=\"https:\/\/senoticias.com.br\/se\/wp-content\/uploads\/2017\/01\/Logo-fone-1-2-1-2-4.jpg 599w, https:\/\/senoticias.com.br\/se\/wp-content\/uploads\/2017\/01\/Logo-fone-1-2-1-2-4-300x39.jpg 300w\" sizes=\"(max-width: 599px) 100vw, 599px\" \/><\/a><\/p>\n<p style=\"line-height: 14.25pt\">Da Ag\u00eancia Brasil<\/p>\n","protected":false},"excerpt":{"rendered":"<p>O Minist\u00e9rio da Educa\u00e7\u00e3o (MEC) anunciou hoje (18) o calend\u00e1rio dos processos seletivos que utilizam o Exame Nacional do Ensino M\u00e9dio (Enem) para acesso ao ensino superior. Os processos s\u00e3o todos online e podem ser acessados a partir do site do MEC. Para participar de todos eles, o estudante precisa pelo menos n\u00e3o ter zerado [&hellip;]<\/p>\n","protected":false},"author":5618,"featured_media":88496,"comment_status":"closed","ping_status":"closed","sticky":false,"template":"","format":"standard","meta":{"footnotes":""},"categories":[44],"tags":[2145,2147,2146],"class_list":{"0":"post-100022","1":"post","2":"type-post","3":"status-publish","4":"format-standard","5":"has-post-thumbnail","7":"category-educacao","8":"tag-confira-as-datas-do-sisu","9":"tag-processos-seletivos-que-usam-o-enem","10":"tag-prouni-e-fies"},"_links":{"self":[{"href":"https:\/\/senoticias.com.br\/se\/wp-json\/wp\/v2\/posts\/100022"}],"collection":[{"href":"https:\/\/senoticias.com.br\/se\/wp-json\/wp\/v2\/posts"}],"about":[{"href":"https:\/\/senoticias.com.br\/se\/wp-json\/wp\/v2\/types\/post"}],"author":[{"embeddable":true,"href":"https:\/\/senoticias.com.br\/se\/wp-json\/wp\/v2\/users\/5618"}],"replies":[{"embeddable":true,"href":"https:\/\/senoticias.com.br\/se\/wp-json\/wp\/v2\/comments?post=100022"}],"version-history":[{"count":0,"href":"https:\/\/senoticias.com.br\/se\/wp-json\/wp\/v2\/posts\/100022\/revisions"}],"wp:featuredmedia":[{"embeddable":true,"href":"https:\/\/senoticias.com.br\/se\/wp-json\/wp\/v2\/media\/88496"}],"wp:attachment":[{"href":"https:\/\/senoticias.com.br\/se\/wp-json\/wp\/v2\/media?parent=100022"}],"wp:term":[{"taxonomy":"category","embeddable":true,"href":"https:\/\/senoticias.com.br\/se\/wp-json\/wp\/v2\/categories?post=100022"},{"taxonomy":"post_tag","embeddable":true,"href":"https:\/\/senoticias.com.br\/se\/wp-json\/wp\/v2\/tags?post=100022"}],"curies":[{"name":"wp","href":"https:\/\/api.w.org\/{rel}","templated":true}]}}