{"id":100015,"date":"2017-01-30T13:04:44","date_gmt":"2017-01-30T16:04:44","guid":{"rendered":"http:\/\/senoticias.com.br\/se\/?p=100015"},"modified":"2017-01-30T13:04:44","modified_gmt":"2017-01-30T16:04:44","slug":"ministerio-da-integracao-reconhece-emergencia-com-relacao-a-seca-e-estiagem-em-pedra-mole","status":"publish","type":"post","link":"https:\/\/senoticias.com.br\/se\/ministerio-da-integracao-reconhece-emergencia-com-relacao-a-seca-e-estiagem-em-pedra-mole\/","title":{"rendered":"Minist\u00e9rio da Integra\u00e7\u00e3o reconhece emerg\u00eancia com rela\u00e7\u00e3o a seca e estiagem em Pedra Mole"},"content":{"rendered":"<p style=\"text-align: justify\">A Secretaria Nacional de Prote\u00e7\u00e3o e Defesa Civil (Sedec), do Minist\u00e9rio da Integra\u00e7\u00e3o Nacional, reconheceu nesta segunda-feira, 30, a situa\u00e7\u00e3o de emerg\u00eancia no munic\u00edpio Pedra Mole, em Sergipe. Decorrente do extenso per\u00edodo de seca e estiagem que atinge as regi\u00f5es, a medida possibilita a Prefeitura acesso a recursos da Uni\u00e3o para a\u00e7\u00f5es de socorro, assist\u00eancia e restabelecimento de servi\u00e7os essenciais.<\/p>\n<div id=\"attachment_100019\" style=\"width: 590px\" class=\"wp-caption aligncenter\"><a href=\"http:\/\/senoticias.com.br\/se\/wp-content\/uploads\/2017\/01\/seca-no-sertao-SE-Noticias-e1485792185791.png\"><img loading=\"lazy\" decoding=\"async\" aria-describedby=\"caption-attachment-100019\" class=\"size-full wp-image-100019\" src=\"http:\/\/senoticias.com.br\/se\/wp-content\/uploads\/2017\/01\/seca-no-sertao-SE-Noticias-e1485792185791.png\" alt=\"Decorrente do extenso per\u00edodo de seca e estiagem que atinge as regi\u00f5es, a medida possibilita a Prefeitura acesso a recursos da Uni\u00e3o para a\u00e7\u00f5es de socorro, assist\u00eancia e restabelecimento de servi\u00e7os essenciais\/ Foto: Arquivo\/ASN\" width=\"580\" height=\"337\" \/><\/a><p id=\"caption-attachment-100019\" class=\"wp-caption-text\">Decorrente do extenso per\u00edodo de seca e estiagem que atinge as regi\u00f5es, a medida possibilita a Prefeitura acesso a recursos da Uni\u00e3o para a\u00e7\u00f5es de socorro, assist\u00eancia e restabelecimento de servi\u00e7os essenciais\/ Foto: Arquivo\/ASN<\/p><\/div>\n<p style=\"text-align: justify\">Al\u00e9m disso, o reconhecimento federal tamb\u00e9m permite \u00e0 popula\u00e7\u00e3o afetada a renegocia\u00e7\u00e3o de d\u00edvidas no setor agr\u00edcola junto ao Banco do Brasil, a aquisi\u00e7\u00e3o de cestas b\u00e1sicas do Minist\u00e9rio do Desenvolvimento Social e Agr\u00e1rio (MDSA) e o apoio do Banco Nacional de Desenvolvimento Econ\u00f4mico e Social (BNDES) para a retomada da atividade econ\u00f4mica.<\/p>\n<p style=\"text-align: justify\">A portaria publicada no Di\u00e1rio Oficial da Uni\u00e3o (DOU) de hoje tem vig\u00eancia de 180 dias.<\/p>\n<p style=\"text-align: justify\"><strong>Solicita\u00e7\u00e3o de recursos<\/strong><\/p>\n<p style=\"text-align: justify\">Para ter acesso a recursos emergenciais, as Prefeituras devem apresentar o Plano Detalhado de Resposta (PDR), por meio do Sistema Integrado de Informa\u00e7\u00f5es sobre Desastres (S2ID), dispon\u00edvel no endere\u00e7o eletr\u00f4nico www.mi.gov.br\/defesa-civil\/s2id. Ap\u00f3s a an\u00e1lise por equipes da Sedec, o Minist\u00e9rio da Integra\u00e7\u00e3o Nacional define o valor do recurso a ser disponibilizado para a\u00e7\u00f5es emergenciais.<\/p>\n<p style=\"text-align: justify\"><strong>Munic\u00edpios sergipanos<\/strong><\/p>\n<p style=\"text-align: justify\">O Governo Federal j\u00e1 havia reconhecido o estado de emerg\u00eancia devido ao per\u00edodo de seca em 26\u00a0munic\u00edpios sergipanos: Nossa Senhora da Gl\u00f3ria, Pinh\u00e3o, Carira, Graccho Cardoso, Itabi, Macambira, Frei Paulo, Nossa Senhora Aparecida, Ribeir\u00f3polis, Cedro, Propri\u00e1, Telha, Porto da Folha, Sim\u00e3o Dias, Po\u00e7o Verde, Moita Bonita, S\u00e3o Miguel do Aleixo, Nossa Senhora de Lourdes, Po\u00e7o Redondo, Gararu, Feira Nova, Monte Alegre de Sergipe, Cumbe, Aquidab\u00e3,\u00a0Canhoba e Canind\u00e9 de S\u00e3o Francisco. Com a inclus\u00e3o de Pedra Mole na lista do Minist\u00e9rio da Integra\u00e7\u00e3o Nacional, o estado passa a ter 27\u00a0munic\u00edpios com estado de emerg\u00eancia reconhecido pelo governo federal.\u00a0J\u00e1 Nossa Senhora das Dores\u00a0aguarda\u00a0a homologa\u00e7\u00e3o estadual e an\u00e1lise federal.<\/p>\n<p style=\"text-align: justify\">No dia 12 deste m\u00eas, o governador Jackson Barreto, em mais um desdobramento da reuni\u00e3o que teve com o presidente Michel Temer no dia anterior, solicitou ao ministro da Integra\u00e7\u00e3o Nacional, Helder Barbalho, agilidade na an\u00e1lise do Plano de Resposta para libera\u00e7\u00e3o de recursos para ajudar os sergipanos dos munic\u00edpios que enfrentam uma das mais graves secas da hist\u00f3ria do estado e j\u00e1 se encontram em situa\u00e7\u00e3o de emerg\u00eancia.<\/p>\n<p style=\"text-align: justify\">\u201cA estiagem afeta a economia do estado e a vida dos moradores desses munic\u00edpios que est\u00e3o sem conseguir se manter sem a \u00e1gua, principalmente, os pequenos produtores que sobrevivem da agricultura ou pecu\u00e1ria. Se n\u00e3o vier ajuda, e r\u00e1pido, teremos grandes perdas. Foi isso que eu disse ao presidente Temer e ele prontamente ligou para o ministro Helder Barbalho e pediu uma aten\u00e7\u00e3o especial para Sergipe\u201d, disse o governador na ocasi\u00e3o.<\/p>\n<p style=\"text-align: justify\">O Plano, apresentado ao Minist\u00e9rio da Integra\u00e7\u00e3o pelo Departamento Estadual de Prote\u00e7\u00e3o e Defesa Civil (Depec) do Estado de Sergipe, no valor de R$ 7 milh\u00f5es, est\u00e1 sob an\u00e1lise do Centro Nacional de Gerenciamento de Desastres da Secretaria Nacional de Defesa Civil. O principal pleito \u00e9 o aumento do n\u00famero de caminh\u00f5es-pipas nos dez munic\u00edpios que j\u00e1 est\u00e3o recebendo o programa, mas com \u00e1gua insuficiente para atender \u00e0s suas necessidades e a imediata inclus\u00e3o dos demais munic\u00edpios que j\u00e1 foram reconhecidos em estado de emerg\u00eancia. A Opera\u00e7\u00e3o Caminh\u00e3o-Pipa Federal \u00e9 realizada pelo Ex\u00e9rcito Brasileiro.<\/p>\n<p style=\"text-align: justify\">Acesse a portaria <a href=\"http:\/\/pesquisa.in.gov.br\/imprensa\/jsp\/visualiza\/index.jsp?data=30\/01\/2017&amp;jornal=1&amp;pagina=72&amp;totalArquivos=192\">aqui<\/a>.<\/p>\n<p style=\"line-height: 14.25pt\"><strong><span style=\"font-size: 10.0pt;font-family: 'Georgia','serif';color: #333333\">Acompanhe tamb\u00e9m o SE Not\u00edcias no<\/span><\/strong><span class=\"apple-converted-space\"><b><span style=\"font-size: 10.0pt;font-family: 'Georgia','serif';color: #333333\">\u00a0<\/span><\/b><\/span><a href=\"https:\/\/twitter.com\/Senoticias\" target=\"_blank\"><b><span style=\"font-size: 10.0pt;font-family: 'Georgia','serif'\">Twitter<\/span><\/b><\/a><strong><span style=\"font-size: 10.0pt;font-family: 'Georgia','serif';color: #333333\">,<\/span><\/strong><span class=\"apple-converted-space\"><b><span style=\"font-size: 10.0pt;font-family: 'Georgia','serif';color: #333333\">\u00a0<\/span><\/b><\/span><a href=\"https:\/\/www.facebook.com\/senoticias1\" target=\"_blank\"><b><span style=\"font-size: 10.0pt;font-family: 'Georgia','serif'\">Facebook<\/span><\/b><span class=\"apple-converted-space\"><b><span style=\"font-size: 10.0pt;font-family: 'Georgia','serif';color: windowtext;text-decoration: none\">\u00a0<\/span><\/b><\/span><\/a><strong><span style=\"font-size: 10.0pt;font-family: 'Georgia','serif';color: #333333\">e no<\/span><\/strong><span class=\"apple-converted-space\"><b><span style=\"font-size: 10.0pt;font-family: 'Georgia','serif';color: #333333\">\u00a0<\/span><\/b><\/span><a href=\"https:\/\/www.instagram.com\/senoticias\/\" target=\"_blank\"><b><span style=\"font-size: 10.0pt;font-family: 'Georgia','serif'\">Instagram<\/span><\/b><\/a><strong><span style=\"font-size: 10.0pt;font-family: 'Georgia','serif';color: #333333\">.<\/span><\/strong><\/p>\n<p style=\"line-height: 14.25pt\"><a href=\"http:\/\/senoticias.com.br\/se\/wp-content\/uploads\/2017\/01\/Logo-fone-1-2-1-2-4.jpg\"><img loading=\"lazy\" decoding=\"async\" class=\"aligncenter size-full wp-image-99844\" src=\"http:\/\/senoticias.com.br\/se\/wp-content\/uploads\/2017\/01\/Logo-fone-1-2-1-2-4.jpg\" alt=\"Logo-fone-1-2-1-2\" width=\"599\" height=\"78\" srcset=\"https:\/\/senoticias.com.br\/se\/wp-content\/uploads\/2017\/01\/Logo-fone-1-2-1-2-4.jpg 599w, https:\/\/senoticias.com.br\/se\/wp-content\/uploads\/2017\/01\/Logo-fone-1-2-1-2-4-300x39.jpg 300w\" sizes=\"(max-width: 599px) 100vw, 599px\" \/><\/a><\/p>\n<p style=\"line-height: 14.25pt\">Da ASN<\/p>\n","protected":false},"excerpt":{"rendered":"<p>A Secretaria Nacional de Prote\u00e7\u00e3o e Defesa Civil (Sedec), do Minist\u00e9rio da Integra\u00e7\u00e3o Nacional, reconheceu nesta segunda-feira, 30, a situa\u00e7\u00e3o de emerg\u00eancia no munic\u00edpio Pedra Mole, em Sergipe. Decorrente do extenso per\u00edodo de seca e estiagem que atinge as regi\u00f5es, a medida possibilita a Prefeitura acesso a recursos da Uni\u00e3o para a\u00e7\u00f5es de socorro, assist\u00eancia [&hellip;]<\/p>\n","protected":false},"author":5618,"featured_media":100019,"comment_status":"closed","ping_status":"closed","sticky":false,"template":"","format":"standard","meta":{"footnotes":""},"categories":[38],"tags":[2143],"class_list":{"0":"post-100015","1":"post","2":"type-post","3":"status-publish","4":"format-standard","5":"has-post-thumbnail","7":"category-municipios","8":"tag-ministerio-da-integracao-reconhece-emergencia-com-relacao-a-seca-e-estiagem-em-pedra-mole"},"_links":{"self":[{"href":"https:\/\/senoticias.com.br\/se\/wp-json\/wp\/v2\/posts\/100015"}],"collection":[{"href":"https:\/\/senoticias.com.br\/se\/wp-json\/wp\/v2\/posts"}],"about":[{"href":"https:\/\/senoticias.com.br\/se\/wp-json\/wp\/v2\/types\/post"}],"author":[{"embeddable":true,"href":"https:\/\/senoticias.com.br\/se\/wp-json\/wp\/v2\/users\/5618"}],"replies":[{"embeddable":true,"href":"https:\/\/senoticias.com.br\/se\/wp-json\/wp\/v2\/comments?post=100015"}],"version-history":[{"count":0,"href":"https:\/\/senoticias.com.br\/se\/wp-json\/wp\/v2\/posts\/100015\/revisions"}],"wp:featuredmedia":[{"embeddable":true,"href":"https:\/\/senoticias.com.br\/se\/wp-json\/wp\/v2\/media\/100019"}],"wp:attachment":[{"href":"https:\/\/senoticias.com.br\/se\/wp-json\/wp\/v2\/media?parent=100015"}],"wp:term":[{"taxonomy":"category","embeddable":true,"href":"https:\/\/senoticias.com.br\/se\/wp-json\/wp\/v2\/categories?post=100015"},{"taxonomy":"post_tag","embeddable":true,"href":"https:\/\/senoticias.com.br\/se\/wp-json\/wp\/v2\/tags?post=100015"}],"curies":[{"name":"wp","href":"https:\/\/api.w.org\/{rel}","templated":true}]}}